{"id":990,"date":"2019-09-09T10:32:00","date_gmt":"2019-09-09T09:32:00","guid":{"rendered":"http:\/\/svetaobitelj.hr\/?p=990"},"modified":"2020-01-29T21:57:32","modified_gmt":"2020-01-29T20:57:32","slug":"svecani-zavjeti","status":"publish","type":"post","link":"https:\/\/svetaobitelj.hr\/?p=990","title":{"rendered":"Sve\u010dani zavjeti"},"content":{"rendered":"\n<figure class=\"wp-block-image\"><img loading=\"lazy\" decoding=\"async\" width=\"1024\" height=\"1024\" src=\"http:\/\/svetaobitelj.hr\/wp-content\/uploads\/2019\/09\/slika1-1024x1024.jpg\" alt=\"\" class=\"wp-image-991\" srcset=\"https:\/\/svetaobitelj.hr\/wp-content\/uploads\/2019\/09\/slika1-1024x1024.jpg 1024w, https:\/\/svetaobitelj.hr\/wp-content\/uploads\/2019\/09\/slika1-150x150.jpg 150w, https:\/\/svetaobitelj.hr\/wp-content\/uploads\/2019\/09\/slika1-300x300.jpg 300w, https:\/\/svetaobitelj.hr\/wp-content\/uploads\/2019\/09\/slika1-768x768.jpg 768w, https:\/\/svetaobitelj.hr\/wp-content\/uploads\/2019\/09\/slika1.jpg 1920w\" sizes=\"auto, (max-width: 1024px) 100vw, 1024px\" \/><\/figure>\n\n\n\n<p>U subotu 07.09.2019 u franjeva\u010dkoj i \u017eupnoj crkvi Sv. Kri\u017ea u Zagrebu petorica bra\u0107e \u010dlanova Hrvatske franjeva\u010dke provincije sv. \u0106irila i Metoda dali su sve\u010dane zavjete pod svetom misom koju je predslavio fra Ilija Vrdoljak, provincijalni ministar. Fra Ivan, fra Mislav, fra Darko,fra Vjeran i fra Sini\u0161a izrekli su svoj &#8220;Evo me&#8221; \u010dime su kroz obred zavjetovanja postali punopravni \u010dlanovi Reda manje bra\u0107e. Nakon svete mise i \u010destitki mnogobrojne rodbine i prijatelja, slavlje se nastavilo prigodnim ru\u010dkom u obli\u017enjem restoranu. Susreli smo i neka draga nam lica, na\u0161eg fra Davora kojega ovim putem pozdravljamo, a novozavjetovanima \u017eelimo obilje Bo\u017ejeg blagoslova i neka ih na njihovu putu prati i \u010duva Isus,Majka Marija i sv. Franjo Asi\u0161ki.<\/p>\n","protected":false},"excerpt":{"rendered":"<p>U subotu 07.09.2019 u franjeva\u010dkoj i \u017eupnoj crkvi Sv. Kri\u017ea u Zagrebu petorica bra\u0107e \u010dlanova Hrvatske franjeva\u010dke provincije sv. \u0106irila i Metoda dali su sve\u010dane zavjete pod svetom misom koju je predslavio fra Ilija Vrdoljak, provincijalni ministar. Fra Ivan, fra Mislav, fra Darko,fra Vjeran i fra Sini\u0161a izrekli su svoj &#8220;Evo me&#8221; \u010dime su kroz <a href=\"https:\/\/svetaobitelj.hr\/?p=990\" class=\"more-link\">[&hellip;]<\/a><\/p>\n","protected":false},"author":2,"featured_media":0,"comment_status":"closed","ping_status":"closed","sticky":false,"template":"","format":"standard","meta":{"footnotes":""},"categories":[3],"tags":[],"class_list":["entry","author-","post-990","post","type-post","status-publish","format-standard","category-zupa"],"_links":{"self":[{"href":"https:\/\/svetaobitelj.hr\/index.php?rest_route=\/wp\/v2\/posts\/990","targetHints":{"allow":["GET"]}}],"collection":[{"href":"https:\/\/svetaobitelj.hr\/index.php?rest_route=\/wp\/v2\/posts"}],"about":[{"href":"https:\/\/svetaobitelj.hr\/index.php?rest_route=\/wp\/v2\/types\/post"}],"author":[{"embeddable":true,"href":"https:\/\/svetaobitelj.hr\/index.php?rest_route=\/wp\/v2\/users\/2"}],"replies":[{"embeddable":true,"href":"https:\/\/svetaobitelj.hr\/index.php?rest_route=%2Fwp%2Fv2%2Fcomments&post=990"}],"version-history":[{"count":1,"href":"https:\/\/svetaobitelj.hr\/index.php?rest_route=\/wp\/v2\/posts\/990\/revisions"}],"predecessor-version":[{"id":992,"href":"https:\/\/svetaobitelj.hr\/index.php?rest_route=\/wp\/v2\/posts\/990\/revisions\/992"}],"wp:attachment":[{"href":"https:\/\/svetaobitelj.hr\/index.php?rest_route=%2Fwp%2Fv2%2Fmedia&parent=990"}],"wp:term":[{"taxonomy":"category","embeddable":true,"href":"https:\/\/svetaobitelj.hr\/index.php?rest_route=%2Fwp%2Fv2%2Fcategories&post=990"},{"taxonomy":"post_tag","embeddable":true,"href":"https:\/\/svetaobitelj.hr\/index.php?rest_route=%2Fwp%2Fv2%2Ftags&post=990"}],"curies":[{"name":"wp","href":"https:\/\/api.w.org\/{rel}","templated":true}]}}