{"id":979,"date":"2019-09-08T18:33:07","date_gmt":"2019-09-08T17:33:07","guid":{"rendered":"http:\/\/svetaobitelj.hr\/?p=979"},"modified":"2020-01-29T21:57:32","modified_gmt":"2020-01-29T20:57:32","slug":"zupne-obavijesti-23-nedjelja-kroz-godinu","status":"publish","type":"post","link":"https:\/\/svetaobitelj.hr\/?p=979","title":{"rendered":"\u017dupne obavijesti: 23. nedjelja kroz godinu"},"content":{"rendered":"\n<ul class=\"wp-block-list\"><li>Danas slavimo dvadeset i tre\u0107u nedjelju kroz godinu. <\/li><li>U ponedjeljak prije ve\u010dernje svete mise bit \u0107e pobo\u017enost bl. Mariji Petkovi\u0107 u 18,15 sati. <\/li><li>U \u010detvrtak je nakon ve\u010dernje svete mise klanjanje pred Presvetim. <\/li><li>Sljede\u0107e nedjelje u cijeloj na\u0161oj Nadbiskupiji obilje\u017eava se Katehetska nedjelja. I u na\u0161oj \u017eupi obilje\u017eit \u0107emo Katehetsku nedjelju kako bi, na po\u010detku nove \u0161kolske godine, naglasili va\u017enost redovitog sudjelovanja na nedjeljnoj misi i na \u017eupnoj katehezi. Mjese\u010dni susret Mjesnoga Bratstva OFS-a bit \u0107e u 16:30 sati.<br><\/li><li>Na\u0161a \u017eupa sudjeluje u Nadbiskupijskom hodo\u010da\u0161\u0107u u Mariju Bistricu i u Ivanec koje se organizira u godini 100. obljetnice ro\u0111enja biskupa \u0106irila Kosa. Hodo\u010da\u0161\u0107e \u0107e biti u subotu, 28. rujna. Polazak je u 5.00 sati. Cijena putovanja je 150 kuna. Prijaviti se mo\u017eete u \u017eupnom uredu.<br><\/li><li>Od 1. kolovoza do 10. listopada otvoren je natje\u010daj za dobivanje stipendije Nadbiskupijske zaklade &#8220;Dr. Nikola Dogan&#8221; za pomo\u0107 u\u010denicima i studentima u \u0161kolskoj i akademskoj godini 2019.\/2020. Isto tako, 1. kolovoza zapo\u010deo je Projekt &#8220;Jedan nov\u010di\u0107 &#8211; zalog za na\u0161u budu\u0107nost&#8221; Zaklade &#8220;Dr. Nikola Dogan&#8221; \u010dime  svojim nov\u010danim prilozima poma\u017eemo rad Zaklade za \u0161kolovanje siroma\u0161nim<br> u\u010denicima i studentima. Zainteresirani mogu dodatne informacije dobiti na web stranici www.caritas.djos.hr. Svoje nov\u010dane priloge mo\u017eete dati u \u017eupnom uredu.<br><\/li><li>Pred nama je nova katehetska godina. Prijave za one koji \u017eele primiti sakramente pomirenja, pri\u010desti i potvrde (u\u010denici 3. razreda osnovne i 2. razreda srednje \u0161kole koji su ve\u0107 imali dvije pripravne godine \u017eupne kateheze), te svi ostali koji su obvezni i\u0107i na kateheze (1., 2. i 8. razredi osnovnih \u0161kola i 1. razredi srednjih  \u0161kola) bit \u0107e 23., 24. i 25. rujna ove godine od 9 &#8211; 11 i od 16 &#8211; 18 sati. Obvezno prilikom prijave donijeti \u017eupnu obiteljsku knji\u017eicu. Susret za roditelje djece koja \u0107e i\u0107i na \u017eupne kateheze (od 1. razreda osnovne \u0161kole do 2. razreda srednje \u0161kole)<br> bit \u0107e u srijedu, 25. rujna ove godine, koji zapo\u010dinje svetom misom u 18:30 sati, a nastavak je nakon mise.<br><\/li><li>Molimo sve vas koji jo\u0161 nemate \u017eupnu knji\u017eicu ili je potrebno upisati promjene u postoje\u0107e, da se javite u \u017eupni ured. Na \u017ealost, jo\u0161 je uvijek velik broj obitelji bez knji\u017eice u \u0161to se uvjeravamo kod prijave sprovoda, kr\u0161tenja, vjen\u010danja i sl. pa je puno puta zaista te\u0161ko znati tko je iz na\u0161e \u017eupe\u2026<br><\/li><li>Danas je prodajna akcija knjiga izdava\u010dke ku\u0107e \u201eU pravi trenutak\u201c iz \u0110akova. Djelatnici ove izdava\u010dke ku\u0107e ponudit \u0107e vam knjige duhovnog sadr\u017eaja.<br><\/li><li>Kupujte i \u010ditajte katoli\u010dki tisak <\/li><\/ul>\n","protected":false},"excerpt":{"rendered":"<p>Danas slavimo dvadeset i tre\u0107u nedjelju kroz godinu. U ponedjeljak prije ve\u010dernje svete mise bit \u0107e pobo\u017enost bl. Mariji Petkovi\u0107 u 18,15 sati. U \u010detvrtak je nakon ve\u010dernje svete mise klanjanje pred Presvetim. Sljede\u0107e nedjelje u cijeloj na\u0161oj Nadbiskupiji obilje\u017eava se Katehetska nedjelja. I u na\u0161oj \u017eupi obilje\u017eit \u0107emo Katehetsku nedjelju kako bi, na po\u010detku <a href=\"https:\/\/svetaobitelj.hr\/?p=979\" class=\"more-link\">[&hellip;]<\/a><\/p>\n","protected":false},"author":2,"featured_media":0,"comment_status":"closed","ping_status":"closed","sticky":false,"template":"","format":"standard","meta":{"footnotes":""},"categories":[3],"tags":[],"class_list":["entry","author-","post-979","post","type-post","status-publish","format-standard","category-zupa"],"_links":{"self":[{"href":"https:\/\/svetaobitelj.hr\/index.php?rest_route=\/wp\/v2\/posts\/979","targetHints":{"allow":["GET"]}}],"collection":[{"href":"https:\/\/svetaobitelj.hr\/index.php?rest_route=\/wp\/v2\/posts"}],"about":[{"href":"https:\/\/svetaobitelj.hr\/index.php?rest_route=\/wp\/v2\/types\/post"}],"author":[{"embeddable":true,"href":"https:\/\/svetaobitelj.hr\/index.php?rest_route=\/wp\/v2\/users\/2"}],"replies":[{"embeddable":true,"href":"https:\/\/svetaobitelj.hr\/index.php?rest_route=%2Fwp%2Fv2%2Fcomments&post=979"}],"version-history":[{"count":2,"href":"https:\/\/svetaobitelj.hr\/index.php?rest_route=\/wp\/v2\/posts\/979\/revisions"}],"predecessor-version":[{"id":989,"href":"https:\/\/svetaobitelj.hr\/index.php?rest_route=\/wp\/v2\/posts\/979\/revisions\/989"}],"wp:attachment":[{"href":"https:\/\/svetaobitelj.hr\/index.php?rest_route=%2Fwp%2Fv2%2Fmedia&parent=979"}],"wp:term":[{"taxonomy":"category","embeddable":true,"href":"https:\/\/svetaobitelj.hr\/index.php?rest_route=%2Fwp%2Fv2%2Fcategories&post=979"},{"taxonomy":"post_tag","embeddable":true,"href":"https:\/\/svetaobitelj.hr\/index.php?rest_route=%2Fwp%2Fv2%2Ftags&post=979"}],"curies":[{"name":"wp","href":"https:\/\/api.w.org\/{rel}","templated":true}]}}