{"id":973,"date":"2019-08-23T19:24:48","date_gmt":"2019-08-23T18:24:48","guid":{"rendered":"http:\/\/svetaobitelj.hr\/?p=973"},"modified":"2020-01-29T21:57:32","modified_gmt":"2020-01-29T20:57:32","slug":"zupne-obavijesti-21-nedjelja-kroz-godinu-2","status":"publish","type":"post","link":"https:\/\/svetaobitelj.hr\/?p=973","title":{"rendered":"\u017dupne obavijesti: 21. nedjelja kroz godinu"},"content":{"rendered":"\n<p>25. kolovoza 2019.<\/p>\n\n\n\n<ul class=\"wp-block-list\"><li>Danas slavimo dvadeset i prvu nedjelju kroz godinu. U sklopu devetnice \u201eHrvatska moli za \u017eivot\u201c, molit \u0107emo prije ve\u010dernje svete mise u 18:30 sati O\u010de na\u0161, 3 x Zdravo Marijo, Slava Ocu te molitve za \u017eivot pape Benedikta  XVI i sv. pape Ivana Pavla II. Nakon toga slijedi sveta misa pod kojom molimo u molitvi vjernika da na\u0161 narod postane narod \u017eivota, a na kraju svete mise je blagoslov trudnica. <\/li><li>Sljede\u0107e nedjelje slavimo dvadeset i drugu nedjelju kroz godinu, a ujedno je prva nedjelja u mjesecu kada svojim molitvama i nov\u010danim prilozima poma\u017eemo na\u0161im sjemeni\u0161tima te molimo za duhovna zvanja. Pod jutarnjom svetom misom molimo za dobro\u010dinitelje na\u0161e crkve i samostana. Od sljede\u0107e nedjelje raspored nedjeljnih svetih misa je prema redovitom rasporedu: 7:00; 9:00; 11:00 i 18:30 sati <\/li><li>Molimo sve vas koji jo\u0161 nemate \u017eupnu knji\u017eicu ili je potrebno upisati<br> promjene u postoje\u0107e, da se javite u \u017eupni ured. Na \u017ealost, jo\u0161 je uvijek velik broj obitelji bez knji\u017eice u \u0161to se uvjeravamo kod prijave sprovoda, kr\u0161tenja,  vjen\u010danja i sl. pa je puno puta zaista te\u0161ko znati tko je iz na\u0161e \u017eupe\u2026 <\/li><li>Od 1. kolovoza do 10. listopada otvoren je natje\u010daj za dobivanje stipendije  Nadbiskupijske zaklade &#8220;Dr. Nikola Dogan&#8221; za pomo\u0107 u\u010denicima i  studentima u \u0161kolskoj i akademskoj godini 2019.\/2020. Isto tako, 1. kolovoza  zapo\u010deo je Projekt &#8220;Jedan nov\u010di\u0107 &#8211; zalog za na\u0161u budu\u0107nost&#8221; Zaklade &#8220;Dr.  Nikola Dogan&#8221; \u010dime svojim nov\u010danim prilozima poma\u017eemo rad Zaklade za  \u0161kolovanje siroma\u0161nim u\u010denicima i studentima. Zainteresirani mogu  dodatne informacije dobiti na web stranici www.caritas.djos.hr . Svoje nov\u010dane priloge mo\u017eete dati u \u017eupnom uredu. <\/li><li>Pred nama je nova katehetska godina. Prijave za one koji \u017eele primiti<br> sakramente pomirenja, pri\u010desti i potvrde (u\u010denici 3. razreda osnovne i 2. razreda srednje \u0161kole koji su ve\u0107 imali dvije pripravne godine \u017eupne kateheze), te svi ostali koji su obvezni i\u0107i na kateheze (1., 2. i 8. razredi osnovnih \u0161kola i 1. razredi srednjih \u0161kola) bit \u0107e 23., 24. i 25. rujna ove godine od 9 &#8211; 11 i od 16 &#8211; 18 sati. Obvezno prilikom prijave donijeti \u017eupnu obiteljsku knji\u017eicu. Susret za roditelje djece koja \u0107e i\u0107i na \u017eupne kateheze (od 1. razreda osnovne \u0161kole do 2. razreda srednje \u0161kole) bit \u0107e u srijedu, 25. rujna ove godine, koji zapo\u010dinje svetom misom u 18:30 sati, a nastavak je nakon mise. <\/li><li>Kupujte i \u010ditajte katoli\u010dki tisak. <\/li><\/ul>\n","protected":false},"excerpt":{"rendered":"<p>25. kolovoza 2019. Danas slavimo dvadeset i prvu nedjelju kroz godinu. U sklopu devetnice \u201eHrvatska moli za \u017eivot\u201c, molit \u0107emo prije ve\u010dernje svete mise u 18:30 sati O\u010de na\u0161, 3 x Zdravo Marijo, Slava Ocu te molitve za \u017eivot pape Benedikta XVI i sv. pape Ivana Pavla II. Nakon toga slijedi sveta misa pod kojom <a href=\"https:\/\/svetaobitelj.hr\/?p=973\" class=\"more-link\">[&hellip;]<\/a><\/p>\n","protected":false},"author":2,"featured_media":0,"comment_status":"closed","ping_status":"closed","sticky":false,"template":"","format":"standard","meta":{"footnotes":""},"categories":[3],"tags":[],"class_list":["entry","author-","post-973","post","type-post","status-publish","format-standard","category-zupa"],"_links":{"self":[{"href":"https:\/\/svetaobitelj.hr\/index.php?rest_route=\/wp\/v2\/posts\/973","targetHints":{"allow":["GET"]}}],"collection":[{"href":"https:\/\/svetaobitelj.hr\/index.php?rest_route=\/wp\/v2\/posts"}],"about":[{"href":"https:\/\/svetaobitelj.hr\/index.php?rest_route=\/wp\/v2\/types\/post"}],"author":[{"embeddable":true,"href":"https:\/\/svetaobitelj.hr\/index.php?rest_route=\/wp\/v2\/users\/2"}],"replies":[{"embeddable":true,"href":"https:\/\/svetaobitelj.hr\/index.php?rest_route=%2Fwp%2Fv2%2Fcomments&post=973"}],"version-history":[{"count":1,"href":"https:\/\/svetaobitelj.hr\/index.php?rest_route=\/wp\/v2\/posts\/973\/revisions"}],"predecessor-version":[{"id":974,"href":"https:\/\/svetaobitelj.hr\/index.php?rest_route=\/wp\/v2\/posts\/973\/revisions\/974"}],"wp:attachment":[{"href":"https:\/\/svetaobitelj.hr\/index.php?rest_route=%2Fwp%2Fv2%2Fmedia&parent=973"}],"wp:term":[{"taxonomy":"category","embeddable":true,"href":"https:\/\/svetaobitelj.hr\/index.php?rest_route=%2Fwp%2Fv2%2Fcategories&post=973"},{"taxonomy":"post_tag","embeddable":true,"href":"https:\/\/svetaobitelj.hr\/index.php?rest_route=%2Fwp%2Fv2%2Ftags&post=973"}],"curies":[{"name":"wp","href":"https:\/\/api.w.org\/{rel}","templated":true}]}}