{"id":971,"date":"2019-08-16T09:17:14","date_gmt":"2019-08-16T08:17:14","guid":{"rendered":"http:\/\/svetaobitelj.hr\/?p=971"},"modified":"2020-01-29T21:57:32","modified_gmt":"2020-01-29T20:57:32","slug":"zupne-obavijesti-20-nedjelja-kroz-godinu-2","status":"publish","type":"post","link":"https:\/\/svetaobitelj.hr\/?p=971","title":{"rendered":"\u017dupne obavijesti: 20. nedjelja kroz godinu"},"content":{"rendered":"\n<p><\/p>\n\n\n\n<p>18.\nkolovoza 2019.<\/p>\n\n\n\n<ul class=\"wp-block-list\"><li><strong>Danas slavimo dvadesetu nedjelju\nkroz godinu. Nakon svetih misa skupljamo nov\u010dane priloge za obnovu Ku\u0107e susreta\nTabor u Samoboru \u0161to je i posljednje skupljanje na tu nakanu u na\u0161oj \u017eupi.\nZahvaljujemo svima koji su proteklog tjedna sudjelovali u akciji skupljanja\nnao\u010dala za misiju u Boliviji gdje djeluje fra Ivica Vrbi\u0107.<\/strong><\/li><\/ul>\n\n\n\n<ul class=\"wp-block-list\"><li><strong>\u010clanovi udruge Vojske Bezgre\u0161ne\nimaju svoj susret u srijedu nakon ve\u010dernje svete mise.<\/strong><\/li><\/ul>\n\n\n\n<ul class=\"wp-block-list\"><li><strong>Sljede\u0107e nedjelje slavimo dvadeset\ni prvu nedjelju kroz godinu, a u sklopu devetnice \u201eHrvatska moli za \u017eivot\u201c,\nmolit \u0107emo &nbsp;prije ve\u010dernje svete mise u\n18:30 sati O\u010de na\u0161, 3 x Zdravo Marijo, Slava Ocu te molitve za \u017eivot pape\nBenedikta XVI i sv. pape Ivana Pavla II. Nakon toga slijedi sveta misa pod\nkojom molimo u molitvi vjernika da na\u0161 narod postane narod \u017eivota, a na kraju\nsvete mise je blagoslov trudnica. Nadamo se da \u0107emo kao \u017eupljani i&nbsp; vjernici sudjelovati u ovim molitvama. <\/strong><\/li><\/ul>\n\n\n\n<ul class=\"wp-block-list\"><li><strong>Molimo sve vas koji jo\u0161 nemate\n\u017eupnu obiteljsku knji\u017eicu ili je potrebno upisati promjene u postoje\u0107e, da se\njavite u \u017eupni ured. Na \u017ealost, jo\u0161 je uvijek velik broj obitelji bez knji\u017eice\nu \u0161to se uvjeravamo kod prijave sprovoda, kr\u0161tenja, vjen\u010danja i sl. pa je puno\nputa zaista te\u0161ko znati tko je iz na\u0161e \u017eupe\u2026<\/strong><\/li><\/ul>\n\n\n\n<ul class=\"wp-block-list\"><li><strong>Od 1. kolovoza do 10. listopada otvoren\nje natje\u010daj za dobivanje stipendije Nadbiskupijske zaklade &#8220;Dr. Nikola\nDogan&#8221; za pomo\u0107 u\u010denicima i studentima u \u0161kolskoj i akademskoj godini\n2019.\/2020. Isto tako, od 1. kolovoza zapo\u010deo je Projekt &#8220;Jedan nov\u010di\u0107 &#8211;\nzalog za na\u0161u budu\u0107nost&#8221; Zaklade &#8220;Dr. Nikola Dogan&#8221; \u010dime svojim\nnov\u010danim prilozima poma\u017eemo rad Zaklade za \u0161kolovanje siroma\u0161nim u\u010denicima i\nstudentima. Zainteresirani mogu dodatne informacije dobiti na web stranici <a href=\"http:\/\/www.caritas.djos.hr\">www.caritas.djos.hr<\/a>. Svoje nov\u010dane priloge mo\u017eete dati u\n\u017eupnom uredu. <\/strong><\/li><\/ul>\n\n\n\n<ul class=\"wp-block-list\"><li><strong>Kupujte i \u010ditajte katoli\u010dki\ntisak.<\/strong><\/li><\/ul>\n","protected":false},"excerpt":{"rendered":"<p>18. kolovoza 2019. Danas slavimo dvadesetu nedjelju kroz godinu. Nakon svetih misa skupljamo nov\u010dane priloge za obnovu Ku\u0107e susreta Tabor u Samoboru \u0161to je i posljednje skupljanje na tu nakanu u na\u0161oj \u017eupi. Zahvaljujemo svima koji su proteklog tjedna sudjelovali u akciji skupljanja nao\u010dala za misiju u Boliviji gdje djeluje fra Ivica Vrbi\u0107. \u010clanovi udruge <a href=\"https:\/\/svetaobitelj.hr\/?p=971\" class=\"more-link\">[&hellip;]<\/a><\/p>\n","protected":false},"author":2,"featured_media":0,"comment_status":"closed","ping_status":"closed","sticky":false,"template":"","format":"standard","meta":{"footnotes":""},"categories":[3],"tags":[],"class_list":["entry","author-","post-971","post","type-post","status-publish","format-standard","category-zupa"],"_links":{"self":[{"href":"https:\/\/svetaobitelj.hr\/index.php?rest_route=\/wp\/v2\/posts\/971","targetHints":{"allow":["GET"]}}],"collection":[{"href":"https:\/\/svetaobitelj.hr\/index.php?rest_route=\/wp\/v2\/posts"}],"about":[{"href":"https:\/\/svetaobitelj.hr\/index.php?rest_route=\/wp\/v2\/types\/post"}],"author":[{"embeddable":true,"href":"https:\/\/svetaobitelj.hr\/index.php?rest_route=\/wp\/v2\/users\/2"}],"replies":[{"embeddable":true,"href":"https:\/\/svetaobitelj.hr\/index.php?rest_route=%2Fwp%2Fv2%2Fcomments&post=971"}],"version-history":[{"count":1,"href":"https:\/\/svetaobitelj.hr\/index.php?rest_route=\/wp\/v2\/posts\/971\/revisions"}],"predecessor-version":[{"id":972,"href":"https:\/\/svetaobitelj.hr\/index.php?rest_route=\/wp\/v2\/posts\/971\/revisions\/972"}],"wp:attachment":[{"href":"https:\/\/svetaobitelj.hr\/index.php?rest_route=%2Fwp%2Fv2%2Fmedia&parent=971"}],"wp:term":[{"taxonomy":"category","embeddable":true,"href":"https:\/\/svetaobitelj.hr\/index.php?rest_route=%2Fwp%2Fv2%2Fcategories&post=971"},{"taxonomy":"post_tag","embeddable":true,"href":"https:\/\/svetaobitelj.hr\/index.php?rest_route=%2Fwp%2Fv2%2Ftags&post=971"}],"curies":[{"name":"wp","href":"https:\/\/api.w.org\/{rel}","templated":true}]}}