{"id":967,"date":"2019-08-12T08:40:52","date_gmt":"2019-08-12T07:40:52","guid":{"rendered":"http:\/\/svetaobitelj.hr\/?p=967"},"modified":"2020-01-29T21:57:32","modified_gmt":"2020-01-29T20:57:32","slug":"mladi-franjevci-iz-hrvatske-i-bih-posjetili-nasu-zupu","status":"publish","type":"post","link":"https:\/\/svetaobitelj.hr\/?p=967","title":{"rendered":"Mladi franjevci iz Hrvatske i BiH posjetili na\u0161u \u017eupu"},"content":{"rendered":"\n<figure class=\"wp-block-image\"><img loading=\"lazy\" decoding=\"async\" width=\"1024\" height=\"683\" src=\"http:\/\/svetaobitelj.hr\/wp-content\/uploads\/2019\/08\/slika1-1024x683.jpg\" alt=\"\" class=\"wp-image-968\" srcset=\"https:\/\/svetaobitelj.hr\/wp-content\/uploads\/2019\/08\/slika1-1024x683.jpg 1024w, https:\/\/svetaobitelj.hr\/wp-content\/uploads\/2019\/08\/slika1-300x200.jpg 300w, https:\/\/svetaobitelj.hr\/wp-content\/uploads\/2019\/08\/slika1-768x512.jpg 768w\" sizes=\"auto, (max-width: 1024px) 100vw, 1024px\" \/><\/figure>\n\n\n\n<p>U sklopu\npriprema za polaganje do\u017eivotnih zavjeta poslu\u0161nosti, siroma\u0161tva i \u010disto\u0107e u\nfranjeva\u010dkom redu, koje se kroz tri tjedna od 28. srpnja do 16. kolovoza\nodr\u017eavaju u \u017eupi sv. Filipa i Jakova u Vukovaru, dvadeset i trojica bogoslova\n\u010detiriju franjeva\u010dkih provincija iz Hrvatske i Bosne i Hercegovine posjetili su\nju\u010der na\u0161u \u017eupu. <\/p>\n\n\n\n<p>Ove godine\norganizator i doma\u0107in priprema za polaganje vje\u010dnih zavjeta je Hrvatska\nfranjeva\u010dka provincija sv. \u0106irila i Metoda sa sjedi\u0161tem u Zagrebu, kojoj\npripadaju i franjevci na na\u0161oj \u017eupi. U Osijek su do\u0161la jedanaestorica bogoslova\niz Franjeva\u010dke provincije Bosne Srebrene, \u0161estorica bogoslova iz Hercegova\u010dke\nfranjeva\u010dke provincije Uznesenja Bla\u017eene Djevice Marije, petorica iz Provincije\nsv. \u0106irila i Metoda te jedan iz provincije Franjevaca tre\u0107oredaca glagolja\u0161a.\nDosad su posjetili franjeva\u010dke samostane i bra\u0107u u Borovu naselju, Po\u017eegi,\nSlavonskom Brodu, Iloku, Vinkovcima, Na\u0161icama, Cerniku te Tolisi (BiH), upoznavaju\u0107i\nnjihovu bogatu povijest, materijalnu i duhovnu ba\u0161tinu, dok su u Vukovaru\npohodili i najva\u017enija mjesta vezana za Domovinski rat. Uz to, bra\u0107a franjevci\nih kroz poticajna predavanja s naglaskom na franjeva\u010dku karizmu i duhovnost pripremaju i ohrabruju za\ndono\u0161enje kona\u010dne, va\u017ene odluke u njihovom \u017eivotu \u2013 potpunom predanju sebe\nBogu, Crkvi i franjeva\u010dkoj obitelji.&nbsp; <\/p>\n\n\n\n<p>Odmah po dolasku sudjelovali su na \u017eupnom misnom slavlju 19. nedjelje kroz godinu koje je predvodio \u017eupnik fra Dragutin Bedeni\u010di\u0107 u koncelebraciji s fra Krunoslavom Kocijanom, odgojiteljem zagreba\u010dkih bogoslova i organizatorom ovih priprema. Na kraju svete mise fra Mislav Luka\u010devi\u0107 posvjedo\u010dio je o Bo\u017ejem pozivu na koji se spremno odazvao. Zajedni\u0161tvo za bratskim stolom nastavljeno je uz sve\u010dani ru\u010dak, dobrotom doma\u0107ih franjevaca i \u017eupljanki koje su marljivo pripremale ukusna jela.<\/p>\n\n\n\n<p>Vrhunac priprema za do\u017eivotne zavjete tek slijedi kroz tjedne duhovne vje\u017ebe na kojima \u0107e mlada bra\u0107a franjevci sudjelovati u samostanu sv. Franje Asi\u0161koga u Rovinju, a potom, povratkom u bratstva gdje \u017eive, spremno i\u0161\u010dekivati dan polaganja svojih do\u017eivotnih zavjeta.<\/p>\n\n\n\n<p><\/p>\n","protected":false},"excerpt":{"rendered":"<p>U sklopu priprema za polaganje do\u017eivotnih zavjeta poslu\u0161nosti, siroma\u0161tva i \u010disto\u0107e u franjeva\u010dkom redu, koje se kroz tri tjedna od 28. srpnja do 16. kolovoza odr\u017eavaju u \u017eupi sv. Filipa i Jakova u Vukovaru, dvadeset i trojica bogoslova \u010detiriju franjeva\u010dkih provincija iz Hrvatske i Bosne i Hercegovine posjetili su ju\u010der na\u0161u \u017eupu. Ove godine organizator <a href=\"https:\/\/svetaobitelj.hr\/?p=967\" class=\"more-link\">[&hellip;]<\/a><\/p>\n","protected":false},"author":2,"featured_media":0,"comment_status":"closed","ping_status":"closed","sticky":false,"template":"","format":"standard","meta":{"footnotes":""},"categories":[3],"tags":[],"class_list":["entry","author-","post-967","post","type-post","status-publish","format-standard","category-zupa"],"_links":{"self":[{"href":"https:\/\/svetaobitelj.hr\/index.php?rest_route=\/wp\/v2\/posts\/967","targetHints":{"allow":["GET"]}}],"collection":[{"href":"https:\/\/svetaobitelj.hr\/index.php?rest_route=\/wp\/v2\/posts"}],"about":[{"href":"https:\/\/svetaobitelj.hr\/index.php?rest_route=\/wp\/v2\/types\/post"}],"author":[{"embeddable":true,"href":"https:\/\/svetaobitelj.hr\/index.php?rest_route=\/wp\/v2\/users\/2"}],"replies":[{"embeddable":true,"href":"https:\/\/svetaobitelj.hr\/index.php?rest_route=%2Fwp%2Fv2%2Fcomments&post=967"}],"version-history":[{"count":1,"href":"https:\/\/svetaobitelj.hr\/index.php?rest_route=\/wp\/v2\/posts\/967\/revisions"}],"predecessor-version":[{"id":969,"href":"https:\/\/svetaobitelj.hr\/index.php?rest_route=\/wp\/v2\/posts\/967\/revisions\/969"}],"wp:attachment":[{"href":"https:\/\/svetaobitelj.hr\/index.php?rest_route=%2Fwp%2Fv2%2Fmedia&parent=967"}],"wp:term":[{"taxonomy":"category","embeddable":true,"href":"https:\/\/svetaobitelj.hr\/index.php?rest_route=%2Fwp%2Fv2%2Fcategories&post=967"},{"taxonomy":"post_tag","embeddable":true,"href":"https:\/\/svetaobitelj.hr\/index.php?rest_route=%2Fwp%2Fv2%2Ftags&post=967"}],"curies":[{"name":"wp","href":"https:\/\/api.w.org\/{rel}","templated":true}]}}