{"id":965,"date":"2019-08-10T09:41:02","date_gmt":"2019-08-10T08:41:02","guid":{"rendered":"http:\/\/svetaobitelj.hr\/?p=965"},"modified":"2020-01-29T21:57:32","modified_gmt":"2020-01-29T20:57:32","slug":"zupne-obavijesti-19-nedjelja-kroz-godinu-2","status":"publish","type":"post","link":"https:\/\/svetaobitelj.hr\/?p=965","title":{"rendered":"\u017dupne obavijesti: 19. nedjelja kroz godinu"},"content":{"rendered":"\n<p><\/p>\n\n\n\n<p>11.\nkolovoza 2019.<\/p>\n\n\n\n<ul class=\"wp-block-list\"><li><strong>Danas slavimo devetnaestu\nnedjelju kroz godinu. Gosti na\u0161e \u017eupe su franjevci iz provincija ju\u017enoslavenske\nkonferencije koji se pripremaju za sve\u010dane zavjete. Sudjeluju na svetoj misi u\n10 sati.<\/strong><\/li><\/ul>\n\n\n\n<ul class=\"wp-block-list\"><li><strong>Ovaj tjedan imamo u na\u0161oj \u017eupi akciju\nskupljanja nao\u010dala za misiju u Boliviji gdje djeluje fra Ivica Vrbi\u0107. Nao\u010dale\nmo\u017eete donijeti u \u017eupni ured u uredovno vrijeme, a svejedno je koje su\ndioptrije jer \u0107e sve biti iskori\u0161tene za pomo\u0107 ljudima u misiji koji slabije\nvide, a nemaju mogu\u0107nosti nabavke istih.&nbsp;\n<\/strong><\/li><\/ul>\n\n\n\n<ul class=\"wp-block-list\"><li><strong>U \u010detvrtak slavimo zapovijedani\nblagdan Uznesenja Bla\u017eene Djevice Marije na nebo \u2013 Veliku Gospu. U na\u0161oj \u017eupnoj\ncrkvi svete mise su u 7:00, 9:00 i 18:30 sati. <\/strong><strong>Na\u0161a \u017dupa taj dan hodo\u010dasti\nGospi od Uto\u010di\u0161ta u Aljma\u0161. Polazak je\nu 8:00 sati. Cijena autobusne karte je 35 kuna<em>.<\/em> Prijave se primaju u \u017eupnom uredu u uredovno vrijeme.<\/strong><\/li><\/ul>\n\n\n\n<ul class=\"wp-block-list\"><li><strong>Sljede\u0107e nedjelje slavimo dvadesetu\nnedjelju kroz godinu. Nakon svetih misa skupljat \u0107emo nov\u010dane priloge za obnovu\nKu\u0107e susreta Tabor u Samoboru \u0161to \u0107e biti i posljednje skupljanje na tu nakanu\nu na\u0161oj \u017eupi. Proteklog tjedna pomo\u0107ni biskup zagreba\u010dki mons. Ivan \u0160a\u0161ko\nblagoslovio je nadogra\u0111en dio Ku\u0107e susreta Tabor, a tom je prigodom fra Ivan\nMati\u0107, koji vodi Ku\u0107u susreta Tabor, zahvalio svima koji su pomogli svojim\nmolitvama i nov\u010danim prilozima pri obnovi, a me\u0111u njima su i na\u0161i \u017eupljani. <\/strong><\/li><\/ul>\n\n\n\n<ul class=\"wp-block-list\"><li><strong>Molimo sve vas koji jo\u0161 nemate\n\u017eupnu knji\u017eicu ili je potrebno upisati promjene u postoje\u0107e, da se javite u\n\u017eupni ured. Na \u017ealost, jo\u0161 je uvijek velik broj obitelji bez knji\u017eice u \u0161to se\nuvjeravamo kod prijave sprovoda, kr\u0161tenja, vjen\u010danja i sl. pa je puno puta\nzaista te\u0161ko znati tko je iz na\u0161e \u017eupe\u2026<\/strong><\/li><\/ul>\n\n\n\n<ul class=\"wp-block-list\"><li><strong>Od 1. kolovoza do 10. listopada otvoren\nje natje\u010daj za dobivanje stipendije Nadbiskupijske zaklade &#8220;Dr. Nikola\nDogan&#8221; za pomo\u0107 u\u010denicima i studentima u \u0161kolskoj i akademskoj godini\n2019.\/2020. Isto tako, od 1. kolovoza zapo\u010deo je Projekt &#8220;Jedan nov\u010di\u0107 &#8211;\nzalog za na\u0161u budu\u0107nost&#8221; Zaklade &#8220;Dr. Nikola Dogan&#8221; \u010dime svojim\nnov\u010danim prilozima poma\u017eemo rad Zaklade za \u0161kolovanje siroma\u0161nim u\u010denicima i\nstudentima. Zainteresirani mogu dodatne informacije dobiti na web stranici <a href=\"http:\/\/www.caritas.djos.hr\">www.caritas.djos.hr<\/a>. Svoje nov\u010dane priloge mo\u017eete dati u\n\u017eupnom uredu. <\/strong><\/li><\/ul>\n\n\n\n<ul class=\"wp-block-list\"><li><strong>Kupujte i \u010ditajte katoli\u010dki\ntisak.<\/strong><\/li><\/ul>\n","protected":false},"excerpt":{"rendered":"<p>11. kolovoza 2019. Danas slavimo devetnaestu nedjelju kroz godinu. Gosti na\u0161e \u017eupe su franjevci iz provincija ju\u017enoslavenske konferencije koji se pripremaju za sve\u010dane zavjete. Sudjeluju na svetoj misi u 10 sati. Ovaj tjedan imamo u na\u0161oj \u017eupi akciju skupljanja nao\u010dala za misiju u Boliviji gdje djeluje fra Ivica Vrbi\u0107. Nao\u010dale mo\u017eete donijeti u \u017eupni ured <a href=\"https:\/\/svetaobitelj.hr\/?p=965\" class=\"more-link\">[&hellip;]<\/a><\/p>\n","protected":false},"author":2,"featured_media":0,"comment_status":"closed","ping_status":"closed","sticky":false,"template":"","format":"standard","meta":{"footnotes":""},"categories":[3],"tags":[],"class_list":["entry","author-","post-965","post","type-post","status-publish","format-standard","category-zupa"],"_links":{"self":[{"href":"https:\/\/svetaobitelj.hr\/index.php?rest_route=\/wp\/v2\/posts\/965","targetHints":{"allow":["GET"]}}],"collection":[{"href":"https:\/\/svetaobitelj.hr\/index.php?rest_route=\/wp\/v2\/posts"}],"about":[{"href":"https:\/\/svetaobitelj.hr\/index.php?rest_route=\/wp\/v2\/types\/post"}],"author":[{"embeddable":true,"href":"https:\/\/svetaobitelj.hr\/index.php?rest_route=\/wp\/v2\/users\/2"}],"replies":[{"embeddable":true,"href":"https:\/\/svetaobitelj.hr\/index.php?rest_route=%2Fwp%2Fv2%2Fcomments&post=965"}],"version-history":[{"count":1,"href":"https:\/\/svetaobitelj.hr\/index.php?rest_route=\/wp\/v2\/posts\/965\/revisions"}],"predecessor-version":[{"id":966,"href":"https:\/\/svetaobitelj.hr\/index.php?rest_route=\/wp\/v2\/posts\/965\/revisions\/966"}],"wp:attachment":[{"href":"https:\/\/svetaobitelj.hr\/index.php?rest_route=%2Fwp%2Fv2%2Fmedia&parent=965"}],"wp:term":[{"taxonomy":"category","embeddable":true,"href":"https:\/\/svetaobitelj.hr\/index.php?rest_route=%2Fwp%2Fv2%2Fcategories&post=965"},{"taxonomy":"post_tag","embeddable":true,"href":"https:\/\/svetaobitelj.hr\/index.php?rest_route=%2Fwp%2Fv2%2Ftags&post=965"}],"curies":[{"name":"wp","href":"https:\/\/api.w.org\/{rel}","templated":true}]}}