{"id":962,"date":"2019-08-07T18:43:19","date_gmt":"2019-08-07T17:43:19","guid":{"rendered":"http:\/\/svetaobitelj.hr\/?p=962"},"modified":"2020-01-29T21:57:32","modified_gmt":"2020-01-29T20:57:32","slug":"slavlje-u-kuci-susreta-tabor","status":"publish","type":"post","link":"https:\/\/svetaobitelj.hr\/?p=962","title":{"rendered":"Slavlje u Ku\u0107i susreta Tabor"},"content":{"rendered":"\n<figure class=\"wp-block-image\"><img loading=\"lazy\" decoding=\"async\" width=\"1024\" height=\"1024\" src=\"http:\/\/svetaobitelj.hr\/wp-content\/uploads\/2019\/08\/slika-1024x1024.jpg\" alt=\"\" class=\"wp-image-963\" srcset=\"https:\/\/svetaobitelj.hr\/wp-content\/uploads\/2019\/08\/slika-1024x1024.jpg 1024w, https:\/\/svetaobitelj.hr\/wp-content\/uploads\/2019\/08\/slika-150x150.jpg 150w, https:\/\/svetaobitelj.hr\/wp-content\/uploads\/2019\/08\/slika-300x300.jpg 300w, https:\/\/svetaobitelj.hr\/wp-content\/uploads\/2019\/08\/slika-768x768.jpg 768w, https:\/\/svetaobitelj.hr\/wp-content\/uploads\/2019\/08\/slika.jpg 1920w\" sizes=\"auto, (max-width: 1024px) 100vw, 1024px\" \/><\/figure>\n\n\n\n<p>Zajedno sa na\u0161im \u017eupnikom fra Dragutinom nas \u010detiri krenuli smo put Samobora na blagoslov nove dvorane u ku\u0107i susreta Tabor. U prepunoj dvorani koja nas je odu\u0161evila svojim modernim izgledom i jednostavno\u0161\u0107u a opet plijeni pa\u017enju detaljima zapo\u010deli smo slavlje blagoslovom i nastavili sa svetom misom koju je predvodio mons. Ivan \u0160a\u0161ko, pomo\u0107ni biskup zagreba\u010dki. Doista je bio poseban osje\u0107aj nazo\u010diti jer se kroz pjesmu i atmosferu u dvorani u potpunosti mogla osjetiti prisutnost Duha Svetoga, gledaju\u0107i nasmije\u0161ena lica vjernika koji su upravo na tome mjestu ubrali duhovne plodove na raznim seminarima kojih je na Taboru do sada bilo. Nakon svete mise proslava je nastavljena prigodnim domjenkom i dru\u017eenjem. Ovu priliku iskoristili smo da se pozdravimo sa mnogim dragim licima, izme\u0111u ostaloga i na\u0161im provincijalnim ministrom fra Ilijom Vrdoljakom s kojim smo u ugodnom razgovoru dotakli se mnogih tema- na\u0161eg fra Zvjezdana Lini\u0107a, na\u0161e \u017eupe i  fratara koji djeluju u njoj,. Radosni smo \u0161to smo i mi, \u017eupljani Svete Obitelji, a na poticaj fra Dragutina utkali dio sebe svojim molitvama i darovima u izgradnju dvorane i obnovu Ku\u0107e susreta Tabor.  Radujemo se svakom novom hodo\u010da\u0161\u0107u na Tabor jer do\u017eivljavamo ono \u0161to je i biskup Ivan naglasio: susret u vjeri. <\/p>\n","protected":false},"excerpt":{"rendered":"<p>Zajedno sa na\u0161im \u017eupnikom fra Dragutinom nas \u010detiri krenuli smo put Samobora na blagoslov nove dvorane u ku\u0107i susreta Tabor. U prepunoj dvorani koja nas je odu\u0161evila svojim modernim izgledom i jednostavno\u0161\u0107u a opet plijeni pa\u017enju detaljima zapo\u010deli smo slavlje blagoslovom i nastavili sa svetom misom koju je predvodio mons. Ivan \u0160a\u0161ko, pomo\u0107ni biskup zagreba\u010dki. <a href=\"https:\/\/svetaobitelj.hr\/?p=962\" class=\"more-link\">[&hellip;]<\/a><\/p>\n","protected":false},"author":2,"featured_media":0,"comment_status":"closed","ping_status":"closed","sticky":false,"template":"","format":"standard","meta":{"footnotes":""},"categories":[3],"tags":[],"class_list":["entry","author-","post-962","post","type-post","status-publish","format-standard","category-zupa"],"_links":{"self":[{"href":"https:\/\/svetaobitelj.hr\/index.php?rest_route=\/wp\/v2\/posts\/962","targetHints":{"allow":["GET"]}}],"collection":[{"href":"https:\/\/svetaobitelj.hr\/index.php?rest_route=\/wp\/v2\/posts"}],"about":[{"href":"https:\/\/svetaobitelj.hr\/index.php?rest_route=\/wp\/v2\/types\/post"}],"author":[{"embeddable":true,"href":"https:\/\/svetaobitelj.hr\/index.php?rest_route=\/wp\/v2\/users\/2"}],"replies":[{"embeddable":true,"href":"https:\/\/svetaobitelj.hr\/index.php?rest_route=%2Fwp%2Fv2%2Fcomments&post=962"}],"version-history":[{"count":1,"href":"https:\/\/svetaobitelj.hr\/index.php?rest_route=\/wp\/v2\/posts\/962\/revisions"}],"predecessor-version":[{"id":964,"href":"https:\/\/svetaobitelj.hr\/index.php?rest_route=\/wp\/v2\/posts\/962\/revisions\/964"}],"wp:attachment":[{"href":"https:\/\/svetaobitelj.hr\/index.php?rest_route=%2Fwp%2Fv2%2Fmedia&parent=962"}],"wp:term":[{"taxonomy":"category","embeddable":true,"href":"https:\/\/svetaobitelj.hr\/index.php?rest_route=%2Fwp%2Fv2%2Fcategories&post=962"},{"taxonomy":"post_tag","embeddable":true,"href":"https:\/\/svetaobitelj.hr\/index.php?rest_route=%2Fwp%2Fv2%2Ftags&post=962"}],"curies":[{"name":"wp","href":"https:\/\/api.w.org\/{rel}","templated":true}]}}