{"id":959,"date":"2019-08-02T16:58:47","date_gmt":"2019-08-02T15:58:47","guid":{"rendered":"http:\/\/svetaobitelj.hr\/?p=959"},"modified":"2020-01-29T21:57:54","modified_gmt":"2020-01-29T20:57:54","slug":"zupne-obavijesti-18-nedjelja-kroz-godinu-2","status":"publish","type":"post","link":"https:\/\/svetaobitelj.hr\/?p=959","title":{"rendered":"\u017dupne obavijesti: 18. nedjelja kroz godinu"},"content":{"rendered":"\n<p>4.\nkolovoza 2019.<\/p>\n\n\n\n<ul class=\"wp-block-list\"><li><strong>Danas slavimo osamnaestu nedjelju\nkroz godinu, a ujedno je prva nedjelja u mjesecu kada se svojim molitvama i\nnov\u010danim prilozima sje\u0107amo na\u0161ih sjemeni\u0161ta i molimo za duhovna zvanja. <\/strong><\/li><\/ul>\n\n\n\n<ul class=\"wp-block-list\"><li><strong>Sutra slavimo Dan pobjede i\ndomovinske zahvalnosti i Dan hrvatskih branitelja. Sveta misa za Domovinu bit\n\u0107e u 18:30 sati.<\/strong><\/li><\/ul>\n\n\n\n<ul class=\"wp-block-list\"><li><strong>U petak je u 18:15 pobo\u017enost na\n\u010dast bl. Mariji Petkovi\u0107.<\/strong><\/li><\/ul>\n\n\n\n<ul class=\"wp-block-list\"><li><strong>Sljede\u0107e nedjelje slavimo devetnaestu\nnedjelju kroz godinu. Gosti na\u0161e \u017eupe bit \u0107e franjevci iz provincija\nju\u017enoslavenske konferencije koji se pripremaju za sve\u010dane zavjete. Oni \u0107e\nsudjelovati na svetoj misi u 10 sati.<\/strong><\/li><\/ul>\n\n\n\n<ul class=\"wp-block-list\"><li><strong>Molimo sve vas koji jo\u0161 nemate\n\u017eupnu knji\u017eicu ili je potrebno upisati promjene u postoje\u0107e, da se javite u\n\u017eupni ured. Na \u017ealost, jo\u0161 je uvijek velik broj obitelji bez knji\u017eice u \u0161to se\nuvjeravamo kod prijave sprovoda, kr\u0161tenja, vjen\u010danja i sl. pa je puno puta\nzaista te\u0161ko znati tko je iz na\u0161e \u017eupe\u2026<\/strong><\/li><\/ul>\n\n\n\n<ul class=\"wp-block-list\"><li><strong>Od 1. kolovoza do 10. listopada otvoren\nje natje\u010daj za dobivanje stipendije Nadbiskupijske zaklade &#8220;Dr. Nikola\nDogan&#8221; za pomo\u0107 u\u010denicima i studentima u \u0161kolskoj i akademskoj godini\n2019.\/2020. Isto tako, od 1. kolovoza zapo\u010deo je Projekt &#8220;Jedan nov\u010di\u0107 &#8211;\nzalog za na\u0161u budu\u0107nost&#8221; Zaklade &#8220;Dr. Nikola Dogan&#8221; \u010dime svojim\nnov\u010danim prilozima poma\u017eemo rad Zaklade za \u0161kolovanje siroma\u0161nim u\u010denicima i\nstudentima. Zainteresirani mogu dodatne informacije dobiti na web stranici <a href=\"http:\/\/www.caritas.djos.hr\">www.caritas.djos.hr<\/a>. Svoje nov\u010dane priloge mo\u017eete dati u\n\u017eupnom uredu. <\/strong><\/li><\/ul>\n\n\n\n<ul class=\"wp-block-list\"><li><strong>Za <\/strong><strong>Veliku Gospu na\u0161a \u017dupa hodo\u010dasti Gospi od Uto\u010di\u0161ta u Aljma\u0161. Polazak je u 8:00 sati. Cijena autobusne\nkarte je 35 kuna<em>.<\/em> Prijave se primaju\nu \u017eupnom uredu u uredovno vrijeme.<\/strong><\/li><\/ul>\n\n\n\n<ul class=\"wp-block-list\"><li><strong>Kupujte i \u010ditajte katoli\u010dki\ntisak.<\/strong><\/li><\/ul>\n","protected":false},"excerpt":{"rendered":"<p>4. kolovoza 2019. Danas slavimo osamnaestu nedjelju kroz godinu, a ujedno je prva nedjelja u mjesecu kada se svojim molitvama i nov\u010danim prilozima sje\u0107amo na\u0161ih sjemeni\u0161ta i molimo za duhovna zvanja. Sutra slavimo Dan pobjede i domovinske zahvalnosti i Dan hrvatskih branitelja. Sveta misa za Domovinu bit \u0107e u 18:30 sati. U petak je u <a href=\"https:\/\/svetaobitelj.hr\/?p=959\" class=\"more-link\">[&hellip;]<\/a><\/p>\n","protected":false},"author":2,"featured_media":0,"comment_status":"closed","ping_status":"closed","sticky":false,"template":"","format":"standard","meta":{"footnotes":""},"categories":[3],"tags":[],"class_list":["entry","author-","post-959","post","type-post","status-publish","format-standard","category-zupa"],"_links":{"self":[{"href":"https:\/\/svetaobitelj.hr\/index.php?rest_route=\/wp\/v2\/posts\/959","targetHints":{"allow":["GET"]}}],"collection":[{"href":"https:\/\/svetaobitelj.hr\/index.php?rest_route=\/wp\/v2\/posts"}],"about":[{"href":"https:\/\/svetaobitelj.hr\/index.php?rest_route=\/wp\/v2\/types\/post"}],"author":[{"embeddable":true,"href":"https:\/\/svetaobitelj.hr\/index.php?rest_route=\/wp\/v2\/users\/2"}],"replies":[{"embeddable":true,"href":"https:\/\/svetaobitelj.hr\/index.php?rest_route=%2Fwp%2Fv2%2Fcomments&post=959"}],"version-history":[{"count":1,"href":"https:\/\/svetaobitelj.hr\/index.php?rest_route=\/wp\/v2\/posts\/959\/revisions"}],"predecessor-version":[{"id":960,"href":"https:\/\/svetaobitelj.hr\/index.php?rest_route=\/wp\/v2\/posts\/959\/revisions\/960"}],"wp:attachment":[{"href":"https:\/\/svetaobitelj.hr\/index.php?rest_route=%2Fwp%2Fv2%2Fmedia&parent=959"}],"wp:term":[{"taxonomy":"category","embeddable":true,"href":"https:\/\/svetaobitelj.hr\/index.php?rest_route=%2Fwp%2Fv2%2Fcategories&post=959"},{"taxonomy":"post_tag","embeddable":true,"href":"https:\/\/svetaobitelj.hr\/index.php?rest_route=%2Fwp%2Fv2%2Ftags&post=959"}],"curies":[{"name":"wp","href":"https:\/\/api.w.org\/{rel}","templated":true}]}}