{"id":952,"date":"2019-07-27T19:14:08","date_gmt":"2019-07-27T18:14:08","guid":{"rendered":"http:\/\/svetaobitelj.hr\/?p=952"},"modified":"2020-01-29T21:57:54","modified_gmt":"2020-01-29T20:57:54","slug":"zupne-obavijesti-17-nedjelja-kroz-godinu-2","status":"publish","type":"post","link":"https:\/\/svetaobitelj.hr\/?p=952","title":{"rendered":"\u017dupne obavijesti: 17. nedjelja kroz godinu"},"content":{"rendered":"\n<p><\/p>\n\n\n\n<p>28. srpnja\n2019.<\/p>\n\n\n\n<ul class=\"wp-block-list\"><li><strong>Danas slavimo sedamnaestu\nnedjelju kroz godinu. Nakon svetih misa skupljamo nov\u010dane priloge za obnovu\nKu\u0107e susreta Tabor u Samoboru.<\/strong><\/li><\/ul>\n\n\n\n<ul class=\"wp-block-list\"><li><strong>U petak, 2. kolovoza, slavimo Porcijunkulu \u2013 Gospu od An\u0111ela. Uz taj blagdan mo\u017eemo izmoliti porcijunkulski potpuni oprost od vremenite kazne za na\u0161e grijehe uz odre\u0111ene uvjete: pohoditi crkvu, izmoliti O\u010de na\u0161 i Vjerovanje, pristupiti sakramentu pomirenja, pri\u010destiti se i moliti na nakanu Svetoga Oca. Oprost se mo\u017ee dobiti samo jedanput na dan u svim franjeva\u010dkim i \u017eupnim crkvama. U na\u0161oj crkvi svete mise su u 7:30 i 18:30 sati.<\/strong><\/li><\/ul>\n\n\n\n<ul class=\"wp-block-list\"><li><strong>U subotu je nakon ve\u010dernje svete\nmise klanjanje pred Presvetim kada molimo za duhovna zvanja budu\u0107i da je prva\nsubota u mjesecu.<\/strong><\/li><\/ul>\n\n\n\n<ul class=\"wp-block-list\"><li><strong>Sljede\u0107e nedjelje slavimo osamnaestu\nnedjelju kroz godinu, a ujedno je prva nedjelja u mjesecu kada se svojim\nmolitvama i nov\u010danim prilozima sje\u0107amo na\u0161ih sjemeni\u0161ta i molimo za duhovna\nzvanja. Pod jutarnjom svetom misom molit \u0107emo za dobro\u010dinitelje ove na\u0161e crkve\ni samostana. <\/strong><\/li><\/ul>\n\n\n\n<ul class=\"wp-block-list\"><li><strong>Molimo sve vas koji jo\u0161 nemate\n\u017eupnu knji\u017eicu ili je potrebno upisati promjene u postoje\u0107e, da se javite u\n\u017eupni ured. Na \u017ealost, jo\u0161 je uvijek velik broj obitelji bez knji\u017eice u \u0161to se\nuvjeravamo kod prijave sprovoda, kr\u0161tenja, vjen\u010danja i sl. pa je puno puta\nzaista te\u0161ko znati tko je iz na\u0161e \u017eupe\u2026<\/strong><\/li><\/ul>\n\n\n\n<ul class=\"wp-block-list\"><li><strong>Od 1. kolovoza do 10. listopada bit\n\u0107e otvoren natje\u010daj za dobivanje stipendije Nadbiskupijske zaklade &#8220;Dr.\nNikola Dogan&#8221; za pomo\u0107 u\u010denicima i studentima u \u0161kolskoj i akademskoj\ngodini 2019.\/2020. Isto tako, od 1. kolovoza zapo\u010dinje Projekt &#8220;Jedan\nnov\u010di\u0107 &#8211; zalog za na\u0161u budu\u0107nost&#8221; Zaklade &#8220;Dr. Nikola Dogan&#8221;\n\u010dime svojim nov\u010danim prilozima poma\u017eemo rad Zaklade za \u0161kolovanje siroma\u0161nim\nu\u010denicima i studentima. Zainteresirani mogu dodatne informacije dobiti na web\nstranici <a href=\"http:\/\/www.caritas.djos.hr\">www.caritas.djos.hr<\/a>. Svoje nov\u010dane\npriloge mo\u017eete dati u \u017eupnom uredu. <\/strong><\/li><\/ul>\n\n\n\n<ul class=\"wp-block-list\"><li><strong>Za <\/strong><strong>Veliku Gospu na\u0161a \u017dupa hodo\u010dasti Gospi od Uto\u010di\u0161ta u Aljma\u0161. Polazak je u 8:00 sati. Cijena autobusne\nkarte je 35 kuna<em>.<\/em> Prijave se primaju\nu \u017eupnom uredu u uredovno vrijeme.<\/strong><\/li><\/ul>\n\n\n\n<ul class=\"wp-block-list\"><li><strong>Jo\u0161 ove nedjelje Uredni\u0161tvo Glasa\nKoncila \u0161alje ve\u0107i broj primjeraka&nbsp;\nnovina koje mo\u017eete uzeti na izlazu iz crkve. \u017delja je da \u0161to vi\u0161e\nupoznamo ove katoli\u010dke novine koje nam donose vijesti \u0161to se doga\u0111a u Crkvi i\nkako bi na ispravan na\u010din promi\u0161ljali o njoj. <\/strong><\/li><\/ul>\n\n\n\n<ul class=\"wp-block-list\"><li><strong>Kupujte i \u010ditajte katoli\u010dki\ntisak.<\/strong><\/li><\/ul>\n","protected":false},"excerpt":{"rendered":"<p>28. srpnja 2019. Danas slavimo sedamnaestu nedjelju kroz godinu. Nakon svetih misa skupljamo nov\u010dane priloge za obnovu Ku\u0107e susreta Tabor u Samoboru. U petak, 2. kolovoza, slavimo Porcijunkulu \u2013 Gospu od An\u0111ela. Uz taj blagdan mo\u017eemo izmoliti porcijunkulski potpuni oprost od vremenite kazne za na\u0161e grijehe uz odre\u0111ene uvjete: pohoditi crkvu, izmoliti O\u010de na\u0161 i <a href=\"https:\/\/svetaobitelj.hr\/?p=952\" class=\"more-link\">[&hellip;]<\/a><\/p>\n","protected":false},"author":2,"featured_media":0,"comment_status":"closed","ping_status":"closed","sticky":false,"template":"","format":"standard","meta":{"footnotes":""},"categories":[3],"tags":[],"class_list":["entry","author-","post-952","post","type-post","status-publish","format-standard","category-zupa"],"_links":{"self":[{"href":"https:\/\/svetaobitelj.hr\/index.php?rest_route=\/wp\/v2\/posts\/952","targetHints":{"allow":["GET"]}}],"collection":[{"href":"https:\/\/svetaobitelj.hr\/index.php?rest_route=\/wp\/v2\/posts"}],"about":[{"href":"https:\/\/svetaobitelj.hr\/index.php?rest_route=\/wp\/v2\/types\/post"}],"author":[{"embeddable":true,"href":"https:\/\/svetaobitelj.hr\/index.php?rest_route=\/wp\/v2\/users\/2"}],"replies":[{"embeddable":true,"href":"https:\/\/svetaobitelj.hr\/index.php?rest_route=%2Fwp%2Fv2%2Fcomments&post=952"}],"version-history":[{"count":2,"href":"https:\/\/svetaobitelj.hr\/index.php?rest_route=\/wp\/v2\/posts\/952\/revisions"}],"predecessor-version":[{"id":955,"href":"https:\/\/svetaobitelj.hr\/index.php?rest_route=\/wp\/v2\/posts\/952\/revisions\/955"}],"wp:attachment":[{"href":"https:\/\/svetaobitelj.hr\/index.php?rest_route=%2Fwp%2Fv2%2Fmedia&parent=952"}],"wp:term":[{"taxonomy":"category","embeddable":true,"href":"https:\/\/svetaobitelj.hr\/index.php?rest_route=%2Fwp%2Fv2%2Fcategories&post=952"},{"taxonomy":"post_tag","embeddable":true,"href":"https:\/\/svetaobitelj.hr\/index.php?rest_route=%2Fwp%2Fv2%2Ftags&post=952"}],"curies":[{"name":"wp","href":"https:\/\/api.w.org\/{rel}","templated":true}]}}