{"id":949,"date":"2019-07-20T13:01:20","date_gmt":"2019-07-20T12:01:20","guid":{"rendered":"http:\/\/svetaobitelj.hr\/?p=949"},"modified":"2020-01-29T21:57:54","modified_gmt":"2020-01-29T20:57:54","slug":"zupne-obavijesti-16-nedjelja-kroz-godinu-2","status":"publish","type":"post","link":"https:\/\/svetaobitelj.hr\/?p=949","title":{"rendered":"\u017dupne obavijesti: 16. nedjelja kroz godinu"},"content":{"rendered":"\n<ul class=\"wp-block-list\"><li><strong>Danas slavimo \u0161esnaestu nedjelju kroz godinu. Nedjelja je sv. Kristofora i Akcija MIVA misijska vozila, kada nov\u010danim prilozima poma\u017eemo na\u0161im misionarima u kupnji potrebnih vozila kako bi mogli spasiti \u017eivote i zdravlje bolesnima, siroma\u0161nima omogu\u0107iti pristup \u0161koli, do\u0107i do vjernika koji ih \u017eeljno \u010dekaju, dovesti potrebni materijal za gradnju crkava, \u0161kola i bolnica. Sveti Kristofor za\u0161titnik je putnika, voza\u010da i pomoraca te ove akcije. Prikupljanje nov\u010danih sredstava i zajedni\u010dki blagoslov bit \u0107e nakon svetih misa.<\/strong><\/li><li><strong>Sutra zapo\u010dinje Hod Frame Osje\u010dkoga podru\u010dnog bratstva u Veli\u0161kovcima na kojem sudjeluje i sedmero frama\u0161a iz na\u0161ega Mjesnoga bratstva. Mladi \u0107e pro\u0107i Magadenovac, \u0110ur\u0111enovac, Orahovicu, Jak\u0161i\u0107, Veliku i Po\u017eegu nakon \u010dega idu u Asiz gdje \u0107e proslaviti Porcijunkulu.<\/strong><\/li><li><strong>U srijedu je susret \u010dlanova Vojske Bezgre\u0161ne nakon ve\u010dernje svete mise.<\/strong> <\/li><li> <strong>U \u010detvrtak, 25. srpnja, u sklopu devetnice \u201eHrvatska moli za \u017eivot\u201c, molimo\u00a0 prije ve\u010dernje svete mise u 18:30 sati O\u010de na\u0161, 3 x Zdravo Marijo, Slava Ocu te molitve za \u017eivot pape Benedikta XVI i sv. pape Ivana Pavla II. Nakon toga slijedi sveta misa pod kojom molimo u molitvi vjernika da na\u0161 narod postane narod \u017eivota, a na kraju svete mise je blagoslov trudnica. Nadamo se da \u0107emo kao \u017eupljani i\u00a0 vjernici sudjelovati u ovim molitvama.\u00a0<\/strong> <\/li><li><strong> U petak je u Tenji crkveni god gdje slave sv. Anu, a glavna sveta misa je u 11:00 sati.<\/strong> <\/li><li><strong>Sljede\u0107e nedjelje slavimo sedamnaestu nedjelju kroz godinu. Nakon svetih misa skupljat \u0107emo nov\u010dane priloge za obnovu Ku\u0107e susreta Tabor u Samoboru.<\/strong> <\/li><li> <strong>Od 1. kolovoza do 10. listopada ove godine bit \u0107e otvoren natje\u010daj za dobivanje stipendije Nadbiskupijske zaklade &#8220;Dr. Nikola Dogan&#8221; za pomo\u0107 u\u010denicima i studentima u \u0161kolskoj i akademskoj godini 2019.\/2020. Isto tako, od 1. kolovoza zapo\u010dinje Projekt &#8220;Jedan nov\u010di\u0107 &#8211; zalog za na\u0161u budu\u0107nost&#8221; Zaklade &#8220;Dr. Nikola Dogan&#8221; \u010dime svojim nov\u010danim prilozima poma\u017eemo rad Zaklade za \u0161kolovanje siroma\u0161nim u\u010denicima i studentima. Zainteresirani mogu dodatne informacije dobiti na web stranici <\/strong><a href=\"http:\/\/www.caritas.djos.hr\/\"><strong>www.caritas.djos.hr<\/strong><\/a><strong>.<\/strong> <\/li><li> <strong>Molimo sve vas koji jo\u0161 nemate \u017eupnu obiteljsku knji\u017eicu ili je potrebno upisati promjene u postoje\u0107e, da se javite u \u017eupni ured.<\/strong> <\/li><li> <strong>Uredni\u0161tvo Glasa Koncila ovaj mjesec \u0161alje ve\u0107i broj primjeraka\u00a0 novina koje mo\u017eete uzeti na izlazu iz crkve. \u017delja je da \u0161to vi\u0161e upoznamo ove katoli\u010dke novine koje nam donose vijesti \u0161to se doga\u0111a u Crkvi i kako bi na ispravan na\u010din promi\u0161ljali o njoj.\u00a0<\/strong> <\/li><li> <strong>Kupujte i \u010ditajte katoli\u010dki tisak.<\/strong> <\/li><\/ul>\n","protected":false},"excerpt":{"rendered":"<p>Danas slavimo \u0161esnaestu nedjelju kroz godinu. Nedjelja je sv. Kristofora i Akcija MIVA misijska vozila, kada nov\u010danim prilozima poma\u017eemo na\u0161im misionarima u kupnji potrebnih vozila kako bi mogli spasiti \u017eivote i zdravlje bolesnima, siroma\u0161nima omogu\u0107iti pristup \u0161koli, do\u0107i do vjernika koji ih \u017eeljno \u010dekaju, dovesti potrebni materijal za gradnju crkava, \u0161kola i bolnica. Sveti Kristofor <a href=\"https:\/\/svetaobitelj.hr\/?p=949\" class=\"more-link\">[&hellip;]<\/a><\/p>\n","protected":false},"author":2,"featured_media":0,"comment_status":"closed","ping_status":"closed","sticky":false,"template":"","format":"standard","meta":{"footnotes":""},"categories":[3],"tags":[],"class_list":["entry","author-","post-949","post","type-post","status-publish","format-standard","category-zupa"],"_links":{"self":[{"href":"https:\/\/svetaobitelj.hr\/index.php?rest_route=\/wp\/v2\/posts\/949","targetHints":{"allow":["GET"]}}],"collection":[{"href":"https:\/\/svetaobitelj.hr\/index.php?rest_route=\/wp\/v2\/posts"}],"about":[{"href":"https:\/\/svetaobitelj.hr\/index.php?rest_route=\/wp\/v2\/types\/post"}],"author":[{"embeddable":true,"href":"https:\/\/svetaobitelj.hr\/index.php?rest_route=\/wp\/v2\/users\/2"}],"replies":[{"embeddable":true,"href":"https:\/\/svetaobitelj.hr\/index.php?rest_route=%2Fwp%2Fv2%2Fcomments&post=949"}],"version-history":[{"count":2,"href":"https:\/\/svetaobitelj.hr\/index.php?rest_route=\/wp\/v2\/posts\/949\/revisions"}],"predecessor-version":[{"id":951,"href":"https:\/\/svetaobitelj.hr\/index.php?rest_route=\/wp\/v2\/posts\/949\/revisions\/951"}],"wp:attachment":[{"href":"https:\/\/svetaobitelj.hr\/index.php?rest_route=%2Fwp%2Fv2%2Fmedia&parent=949"}],"wp:term":[{"taxonomy":"category","embeddable":true,"href":"https:\/\/svetaobitelj.hr\/index.php?rest_route=%2Fwp%2Fv2%2Fcategories&post=949"},{"taxonomy":"post_tag","embeddable":true,"href":"https:\/\/svetaobitelj.hr\/index.php?rest_route=%2Fwp%2Fv2%2Ftags&post=949"}],"curies":[{"name":"wp","href":"https:\/\/api.w.org\/{rel}","templated":true}]}}