{"id":938,"date":"2019-07-10T15:02:23","date_gmt":"2019-07-10T14:02:23","guid":{"rendered":"http:\/\/svetaobitelj.hr\/?p=938"},"modified":"2020-01-29T21:57:54","modified_gmt":"2020-01-29T20:57:54","slug":"proslava-bl-marije-petkovic","status":"publish","type":"post","link":"https:\/\/svetaobitelj.hr\/?p=938","title":{"rendered":"Proslava bl. Marije Petkovi\u0107"},"content":{"rendered":"\n<figure class=\"wp-block-image\"><img loading=\"lazy\" decoding=\"async\" width=\"1024\" height=\"1024\" src=\"http:\/\/svetaobitelj.hr\/wp-content\/uploads\/2019\/07\/slika2-1-1024x1024.jpg\" alt=\"\" class=\"wp-image-940\" srcset=\"https:\/\/svetaobitelj.hr\/wp-content\/uploads\/2019\/07\/slika2-1-1024x1024.jpg 1024w, https:\/\/svetaobitelj.hr\/wp-content\/uploads\/2019\/07\/slika2-1-150x150.jpg 150w, https:\/\/svetaobitelj.hr\/wp-content\/uploads\/2019\/07\/slika2-1-300x300.jpg 300w, https:\/\/svetaobitelj.hr\/wp-content\/uploads\/2019\/07\/slika2-1-768x768.jpg 768w, https:\/\/svetaobitelj.hr\/wp-content\/uploads\/2019\/07\/slika2-1.jpg 1920w\" sizes=\"auto, (max-width: 1024px) 100vw, 1024px\" \/><\/figure>\n\n\n\n<figure class=\"wp-block-image\"><img loading=\"lazy\" decoding=\"async\" width=\"1024\" height=\"1024\" src=\"http:\/\/svetaobitelj.hr\/wp-content\/uploads\/2019\/07\/slika1-1-1024x1024.jpg\" alt=\"\" class=\"wp-image-939\" srcset=\"https:\/\/svetaobitelj.hr\/wp-content\/uploads\/2019\/07\/slika1-1-1024x1024.jpg 1024w, https:\/\/svetaobitelj.hr\/wp-content\/uploads\/2019\/07\/slika1-1-150x150.jpg 150w, https:\/\/svetaobitelj.hr\/wp-content\/uploads\/2019\/07\/slika1-1-300x300.jpg 300w, https:\/\/svetaobitelj.hr\/wp-content\/uploads\/2019\/07\/slika1-1-768x768.jpg 768w, https:\/\/svetaobitelj.hr\/wp-content\/uploads\/2019\/07\/slika1-1.jpg 1920w\" sizes=\"auto, (max-width: 1024px) 100vw, 1024px\" \/><\/figure>\n\n\n\n<p>Dana 09. 07. 2019 godine u na\u0161oj \u017eupi proslavili smo spomendan utemeljiteljice Dru\u017ebe sestara K\u0107eri Milosr\u0111a, bla\u017eenu Mariju od Propetoga Isusa Petkovi\u0107. Proslava je bila u zajedni\u0161tvu sestara koje djeluju u \u017eupi, te \u017eupljana kao i roditelja i djece vrti\u0107a bla\u017eena Marija Petkovi\u0107. Misno slavlje predvodio je fra Dragutin, a svojim pjevanjem animirali su djeca koja poha\u0111aju vrti\u0107, te \u017eupni zbor. Voditelj slavlja podsjetio nas je o bla\u017eenici te o trodnevnoj pripravi koju smo imali kada smo se i pobli\u017ee upoznali s likom i djelom ove na\u0161e hrvatske bla\u017eenice, nadamo se uskoro i svetice. Pred kraj misnog slavlja Katarina Kne\u017eevi\u0107, Leona Budim\u010di\u0107 i Ivana Klari\u0107 scenskim prikazom o odabiru \u017eivotnog puta potaknule su nas na razmi\u0161ljanje o tom odabiru te je isklju\u010divo na nama izbor: biramo li ovozemaljsko ili vje\u010dnost?!Nakon svete mise nastavili smo dru\u017eenje uz prigodni domjenak.<\/p>\n\n\n\n<p><\/p>\n\n\n\n<p>&#8220;O Sakramente ljubavi, o Sakramente dobrote! Ti u\u010dvrsti vez ljubavi koji zdru\u017euje siroma\u0161no srce moje sa srcem Isusovim.  Tko \u0107e me od tebe rastaviti, o Bo\u017ee moj i sve moje? Koga da tra\u017eim osim tebe, Bo\u017ee moj? Samo u tebi nalazim mir i pokoj svoj! Tebi Isuse \u017eivim, tebi umirem! Tvoja sam uvijeke&#8221;. (Bla\u017eena Marija od Propetoga Isusa Petkovi\u0107)<\/p>\n","protected":false},"excerpt":{"rendered":"<p>Dana 09. 07. 2019 godine u na\u0161oj \u017eupi proslavili smo spomendan utemeljiteljice Dru\u017ebe sestara K\u0107eri Milosr\u0111a, bla\u017eenu Mariju od Propetoga Isusa Petkovi\u0107. Proslava je bila u zajedni\u0161tvu sestara koje djeluju u \u017eupi, te \u017eupljana kao i roditelja i djece vrti\u0107a bla\u017eena Marija Petkovi\u0107. Misno slavlje predvodio je fra Dragutin, a svojim pjevanjem animirali su djeca <a href=\"https:\/\/svetaobitelj.hr\/?p=938\" class=\"more-link\">[&hellip;]<\/a><\/p>\n","protected":false},"author":2,"featured_media":0,"comment_status":"closed","ping_status":"closed","sticky":false,"template":"","format":"standard","meta":{"footnotes":""},"categories":[3],"tags":[],"class_list":["entry","author-","post-938","post","type-post","status-publish","format-standard","category-zupa"],"_links":{"self":[{"href":"https:\/\/svetaobitelj.hr\/index.php?rest_route=\/wp\/v2\/posts\/938","targetHints":{"allow":["GET"]}}],"collection":[{"href":"https:\/\/svetaobitelj.hr\/index.php?rest_route=\/wp\/v2\/posts"}],"about":[{"href":"https:\/\/svetaobitelj.hr\/index.php?rest_route=\/wp\/v2\/types\/post"}],"author":[{"embeddable":true,"href":"https:\/\/svetaobitelj.hr\/index.php?rest_route=\/wp\/v2\/users\/2"}],"replies":[{"embeddable":true,"href":"https:\/\/svetaobitelj.hr\/index.php?rest_route=%2Fwp%2Fv2%2Fcomments&post=938"}],"version-history":[{"count":4,"href":"https:\/\/svetaobitelj.hr\/index.php?rest_route=\/wp\/v2\/posts\/938\/revisions"}],"predecessor-version":[{"id":945,"href":"https:\/\/svetaobitelj.hr\/index.php?rest_route=\/wp\/v2\/posts\/938\/revisions\/945"}],"wp:attachment":[{"href":"https:\/\/svetaobitelj.hr\/index.php?rest_route=%2Fwp%2Fv2%2Fmedia&parent=938"}],"wp:term":[{"taxonomy":"category","embeddable":true,"href":"https:\/\/svetaobitelj.hr\/index.php?rest_route=%2Fwp%2Fv2%2Fcategories&post=938"},{"taxonomy":"post_tag","embeddable":true,"href":"https:\/\/svetaobitelj.hr\/index.php?rest_route=%2Fwp%2Fv2%2Ftags&post=938"}],"curies":[{"name":"wp","href":"https:\/\/api.w.org\/{rel}","templated":true}]}}