{"id":931,"date":"2019-07-06T10:58:06","date_gmt":"2019-07-06T09:58:06","guid":{"rendered":"http:\/\/svetaobitelj.hr\/?p=931"},"modified":"2020-01-29T21:57:54","modified_gmt":"2020-01-29T20:57:54","slug":"zupne-obavijesti-14-nedjelja-kroz-godinu-2","status":"publish","type":"post","link":"https:\/\/svetaobitelj.hr\/?p=931","title":{"rendered":"\u017dupne obavijesti: 14. nedjelja kroz godinu"},"content":{"rendered":"\n<p><\/p>\n\n\n\n<p>7. srpnja\n2019.<\/p>\n\n\n\n<ul class=\"wp-block-list\"><li><strong>Danas slavimo \u010detrnaestu nedjelju\nkroz godinu. Prva je nedjelja u mjesecu kada se svojim molitvama i nov\u010danim\nprilozima sje\u0107amo na\u0161ih sjemeni\u0161ta te molimo za duhovna zvanja. Nedjeljni\nraspored svetih misa u srpnju i kolovozu je u 7:00, 10:00 i 18:30 sati. <\/strong><\/li><\/ul>\n\n\n\n<ul class=\"wp-block-list\"><li><strong>U utorak slavimo spomendan bl.\nMarije Petkovi\u0107, utemeljiteljice Dru\u017ebe K\u0107eri Milosr\u0111a koje djeluju i u na\u0161oj\n\u017eupi. Sve\u010danije \u0107emo proslaviti na\u0161u bla\u017eenicu pod ve\u010dernjom svetom misom. <\/strong><\/li><\/ul>\n\n\n\n<ul class=\"wp-block-list\"><li><strong>Sljede\u0107e nedjelje slavimo petnaestu\nnedjelju kroz godinu. Ujedno se spominjemo sv. Franje Solanskoga, za\u0161titnika\nmisija i misionara pa \u0107emo nakon svetih misa prikupljati nov\u010dane priloge za\npotrebe misija. <\/strong><\/li><\/ul>\n\n\n\n<ul class=\"wp-block-list\"><li><strong>Molimo sve vas koji jo\u0161 nemate\n\u017eupnu obiteljsku knji\u017eicu ili je potrebno upisati promjene u postoje\u0107e, da se\njavite u \u017eupni ured.<\/strong><\/li><\/ul>\n\n\n\n<ul class=\"wp-block-list\"><li><strong>Kupujte i \u010ditajte vjerski tisak. Uredni\u0161tvo\nGlasa Koncila ovaj mjesec \u0161alje ve\u0107i broj primjeraka&nbsp; novina koje mo\u017eete uzeti na izlazu iz crkve.\n\u017delja je da \u0161to vi\u0161e upoznamo ove katoli\u010dke novine koje nam donose vijesti \u0161to\nse doga\u0111a u Crkvi i kako bi na ispravan na\u010din promi\u0161ljali o njoj. <\/strong><\/li><\/ul>\n","protected":false},"excerpt":{"rendered":"<p>7. srpnja 2019. Danas slavimo \u010detrnaestu nedjelju kroz godinu. Prva je nedjelja u mjesecu kada se svojim molitvama i nov\u010danim prilozima sje\u0107amo na\u0161ih sjemeni\u0161ta te molimo za duhovna zvanja. Nedjeljni raspored svetih misa u srpnju i kolovozu je u 7:00, 10:00 i 18:30 sati. U utorak slavimo spomendan bl. Marije Petkovi\u0107, utemeljiteljice Dru\u017ebe K\u0107eri Milosr\u0111a <a href=\"https:\/\/svetaobitelj.hr\/?p=931\" class=\"more-link\">[&hellip;]<\/a><\/p>\n","protected":false},"author":2,"featured_media":0,"comment_status":"closed","ping_status":"closed","sticky":false,"template":"","format":"standard","meta":{"footnotes":""},"categories":[3],"tags":[],"class_list":["entry","author-","post-931","post","type-post","status-publish","format-standard","category-zupa"],"_links":{"self":[{"href":"https:\/\/svetaobitelj.hr\/index.php?rest_route=\/wp\/v2\/posts\/931","targetHints":{"allow":["GET"]}}],"collection":[{"href":"https:\/\/svetaobitelj.hr\/index.php?rest_route=\/wp\/v2\/posts"}],"about":[{"href":"https:\/\/svetaobitelj.hr\/index.php?rest_route=\/wp\/v2\/types\/post"}],"author":[{"embeddable":true,"href":"https:\/\/svetaobitelj.hr\/index.php?rest_route=\/wp\/v2\/users\/2"}],"replies":[{"embeddable":true,"href":"https:\/\/svetaobitelj.hr\/index.php?rest_route=%2Fwp%2Fv2%2Fcomments&post=931"}],"version-history":[{"count":1,"href":"https:\/\/svetaobitelj.hr\/index.php?rest_route=\/wp\/v2\/posts\/931\/revisions"}],"predecessor-version":[{"id":932,"href":"https:\/\/svetaobitelj.hr\/index.php?rest_route=\/wp\/v2\/posts\/931\/revisions\/932"}],"wp:attachment":[{"href":"https:\/\/svetaobitelj.hr\/index.php?rest_route=%2Fwp%2Fv2%2Fmedia&parent=931"}],"wp:term":[{"taxonomy":"category","embeddable":true,"href":"https:\/\/svetaobitelj.hr\/index.php?rest_route=%2Fwp%2Fv2%2Fcategories&post=931"},{"taxonomy":"post_tag","embeddable":true,"href":"https:\/\/svetaobitelj.hr\/index.php?rest_route=%2Fwp%2Fv2%2Ftags&post=931"}],"curies":[{"name":"wp","href":"https:\/\/api.w.org\/{rel}","templated":true}]}}