{"id":922,"date":"2019-06-28T09:44:16","date_gmt":"2019-06-28T08:44:16","guid":{"rendered":"http:\/\/svetaobitelj.hr\/?p=922"},"modified":"2020-01-29T21:57:54","modified_gmt":"2020-01-29T20:57:54","slug":"zupne-obavijesti-13-nedjelja-kroz-godinu-2","status":"publish","type":"post","link":"https:\/\/svetaobitelj.hr\/?p=922","title":{"rendered":"\u017dupne obavijesti: 13. nedjelja kroz godinu"},"content":{"rendered":"\n<ul class=\"wp-block-list\"><li><strong>Danas slavimo trinaestu nedjelju\nkroz godinu. <\/strong><\/li><\/ul>\n\n\n\n<ul class=\"wp-block-list\"><li><strong>U petak slavimo sv. \u0106irila i\nMetoda, za\u0161titnike na\u0161e Hrvatske franjeva\u010dke provincije sv. \u0106irila i Metoda.\nSvete mise u na\u0161oj \u017eupnoj crkvi su u 7:30 i 18:30 sati. U na\u0161oj je susjednoj\n\u017eupi sv. \u0106irila i Metoda crkveni god. <\/strong><\/li><\/ul>\n\n\n\n<ul class=\"wp-block-list\"><li><strong>U subotu zapo\u010dinje trodnevnica u\n\u010dast bl. Mariji Petkovi\u0107 pobo\u017eno\u0161\u0107u u 18:15 sati. Nakon ve\u010dernje svete mise\nklanjanje je pred Presvetim kada molimo za duhovna zvanja, budu\u0107i da je prva\nsubota u mjesecu. U srpnju i kolovozu klanjanje pred Presvetim je samo prve\nsubote u mjesecu.<\/strong><\/li><\/ul>\n\n\n\n<ul class=\"wp-block-list\"><li><strong>Sljede\u0107e nedjelje slavimo \u010detrnaestu\nnedjelju kroz godinu. Prva je nedjelja u mjesecu kada se svojim molitvama i\nnov\u010danim prilozima sje\u0107amo na\u0161ih sjemeni\u0161ta te molimo za duhovna zvanja. Pod\njutarnjom svetom misom molimo za dobro\u010dinitelje ove na\u0161e crkve i samostana.\nNedjeljni raspored svetih misa u srpnju i kolovozu je u 7:00, 10:00 i 18:30\nsati. <\/strong><\/li><\/ul>\n\n\n\n<ul class=\"wp-block-list\"><li><strong>Molimo sve vas koji jo\u0161 nemate\n\u017eupnu obiteljsku knji\u017eicu ili je potrebno upisati promjene u postoje\u0107e, da se\njavite u \u017eupni ured.<\/strong><\/li><\/ul>\n\n\n\n<ul class=\"wp-block-list\"><li><strong>Kupujte i \u010ditajte vjerski tisak. <\/strong><\/li><\/ul>\n","protected":false},"excerpt":{"rendered":"<p>Danas slavimo trinaestu nedjelju kroz godinu. U petak slavimo sv. \u0106irila i Metoda, za\u0161titnike na\u0161e Hrvatske franjeva\u010dke provincije sv. \u0106irila i Metoda. Svete mise u na\u0161oj \u017eupnoj crkvi su u 7:30 i 18:30 sati. U na\u0161oj je susjednoj \u017eupi sv. \u0106irila i Metoda crkveni god. U subotu zapo\u010dinje trodnevnica u \u010dast bl. Mariji Petkovi\u0107 pobo\u017eno\u0161\u0107u <a href=\"https:\/\/svetaobitelj.hr\/?p=922\" class=\"more-link\">[&hellip;]<\/a><\/p>\n","protected":false},"author":2,"featured_media":0,"comment_status":"closed","ping_status":"closed","sticky":false,"template":"","format":"standard","meta":{"footnotes":""},"categories":[3],"tags":[],"class_list":["entry","author-","post-922","post","type-post","status-publish","format-standard","category-zupa"],"_links":{"self":[{"href":"https:\/\/svetaobitelj.hr\/index.php?rest_route=\/wp\/v2\/posts\/922","targetHints":{"allow":["GET"]}}],"collection":[{"href":"https:\/\/svetaobitelj.hr\/index.php?rest_route=\/wp\/v2\/posts"}],"about":[{"href":"https:\/\/svetaobitelj.hr\/index.php?rest_route=\/wp\/v2\/types\/post"}],"author":[{"embeddable":true,"href":"https:\/\/svetaobitelj.hr\/index.php?rest_route=\/wp\/v2\/users\/2"}],"replies":[{"embeddable":true,"href":"https:\/\/svetaobitelj.hr\/index.php?rest_route=%2Fwp%2Fv2%2Fcomments&post=922"}],"version-history":[{"count":1,"href":"https:\/\/svetaobitelj.hr\/index.php?rest_route=\/wp\/v2\/posts\/922\/revisions"}],"predecessor-version":[{"id":923,"href":"https:\/\/svetaobitelj.hr\/index.php?rest_route=\/wp\/v2\/posts\/922\/revisions\/923"}],"wp:attachment":[{"href":"https:\/\/svetaobitelj.hr\/index.php?rest_route=%2Fwp%2Fv2%2Fmedia&parent=922"}],"wp:term":[{"taxonomy":"category","embeddable":true,"href":"https:\/\/svetaobitelj.hr\/index.php?rest_route=%2Fwp%2Fv2%2Fcategories&post=922"},{"taxonomy":"post_tag","embeddable":true,"href":"https:\/\/svetaobitelj.hr\/index.php?rest_route=%2Fwp%2Fv2%2Ftags&post=922"}],"curies":[{"name":"wp","href":"https:\/\/api.w.org\/{rel}","templated":true}]}}