{"id":916,"date":"2019-06-22T18:48:03","date_gmt":"2019-06-22T17:48:03","guid":{"rendered":"http:\/\/svetaobitelj.hr\/?p=916"},"modified":"2020-01-29T21:57:54","modified_gmt":"2020-01-29T20:57:54","slug":"tijelovo-2","status":"publish","type":"post","link":"https:\/\/svetaobitelj.hr\/?p=916","title":{"rendered":"Tijelovo"},"content":{"rendered":"\n<div class=\"wp-block-image\"><figure class=\"aligncenter is-resized\"><img loading=\"lazy\" decoding=\"async\" src=\"http:\/\/svetaobitelj.hr\/wp-content\/uploads\/2019\/06\/Slika-1.jpg\" alt=\"\" class=\"wp-image-917\" width=\"258\" height=\"319\" srcset=\"https:\/\/svetaobitelj.hr\/wp-content\/uploads\/2019\/06\/Slika-1.jpg 797w, https:\/\/svetaobitelj.hr\/wp-content\/uploads\/2019\/06\/Slika-1-242x300.jpg 242w, https:\/\/svetaobitelj.hr\/wp-content\/uploads\/2019\/06\/Slika-1-768x951.jpg 768w\" sizes=\"auto, (max-width: 258px) 100vw, 258px\" \/><\/figure><\/div>\n\n\n\n<p>I ove godine, nakon ve\u010dernje svete mise, svi vjernici su se zaputili u  Tijelovsku procesiju. Kako je ve\u0107 uobi\u010dajeno, na po\u010detku procesije kora\u010dala su djeca odjevena u bijelo te laticama posipala put kojim je prolazilo Presveto. Tijelovska procesija i ove godine, ve\u0107 tradicionalno, pro\u0161la je dvori\u0161tem oko na\u0161e \u017eupne crkve.<\/p>\n\n\n\n<div class=\"wp-block-image\"><figure class=\"aligncenter is-resized\"><img loading=\"lazy\" decoding=\"async\" src=\"http:\/\/svetaobitelj.hr\/wp-content\/uploads\/2019\/06\/Slika-2-1024x1024.jpg\" alt=\"\" class=\"wp-image-918\" width=\"500\" height=\"500\" srcset=\"https:\/\/svetaobitelj.hr\/wp-content\/uploads\/2019\/06\/Slika-2-1024x1024.jpg 1024w, https:\/\/svetaobitelj.hr\/wp-content\/uploads\/2019\/06\/Slika-2-150x150.jpg 150w, https:\/\/svetaobitelj.hr\/wp-content\/uploads\/2019\/06\/Slika-2-300x300.jpg 300w, https:\/\/svetaobitelj.hr\/wp-content\/uploads\/2019\/06\/Slika-2-768x768.jpg 768w\" sizes=\"auto, (max-width: 500px) 100vw, 500px\" \/><\/figure><\/div>\n","protected":false},"excerpt":{"rendered":"<p>I ove godine, nakon ve\u010dernje svete mise, svi vjernici su se zaputili u Tijelovsku procesiju. Kako je ve\u0107 uobi\u010dajeno, na po\u010detku procesije kora\u010dala su djeca odjevena u bijelo te laticama posipala put kojim je prolazilo Presveto. Tijelovska procesija i ove godine, ve\u0107 tradicionalno, pro\u0161la je dvori\u0161tem oko na\u0161e \u017eupne crkve.<\/p>\n","protected":false},"author":2,"featured_media":0,"comment_status":"closed","ping_status":"closed","sticky":false,"template":"","format":"standard","meta":{"footnotes":""},"categories":[3],"tags":[],"class_list":["entry","author-","post-916","post","type-post","status-publish","format-standard","category-zupa"],"_links":{"self":[{"href":"https:\/\/svetaobitelj.hr\/index.php?rest_route=\/wp\/v2\/posts\/916","targetHints":{"allow":["GET"]}}],"collection":[{"href":"https:\/\/svetaobitelj.hr\/index.php?rest_route=\/wp\/v2\/posts"}],"about":[{"href":"https:\/\/svetaobitelj.hr\/index.php?rest_route=\/wp\/v2\/types\/post"}],"author":[{"embeddable":true,"href":"https:\/\/svetaobitelj.hr\/index.php?rest_route=\/wp\/v2\/users\/2"}],"replies":[{"embeddable":true,"href":"https:\/\/svetaobitelj.hr\/index.php?rest_route=%2Fwp%2Fv2%2Fcomments&post=916"}],"version-history":[{"count":2,"href":"https:\/\/svetaobitelj.hr\/index.php?rest_route=\/wp\/v2\/posts\/916\/revisions"}],"predecessor-version":[{"id":920,"href":"https:\/\/svetaobitelj.hr\/index.php?rest_route=\/wp\/v2\/posts\/916\/revisions\/920"}],"wp:attachment":[{"href":"https:\/\/svetaobitelj.hr\/index.php?rest_route=%2Fwp%2Fv2%2Fmedia&parent=916"}],"wp:term":[{"taxonomy":"category","embeddable":true,"href":"https:\/\/svetaobitelj.hr\/index.php?rest_route=%2Fwp%2Fv2%2Fcategories&post=916"},{"taxonomy":"post_tag","embeddable":true,"href":"https:\/\/svetaobitelj.hr\/index.php?rest_route=%2Fwp%2Fv2%2Ftags&post=916"}],"curies":[{"name":"wp","href":"https:\/\/api.w.org\/{rel}","templated":true}]}}