{"id":912,"date":"2019-06-22T08:47:30","date_gmt":"2019-06-22T07:47:30","guid":{"rendered":"http:\/\/svetaobitelj.hr\/?p=912"},"modified":"2020-01-29T21:57:54","modified_gmt":"2020-01-29T20:57:54","slug":"zupne-obavijesti-12-nedjelja-kroz-godinu","status":"publish","type":"post","link":"https:\/\/svetaobitelj.hr\/?p=912","title":{"rendered":"\u017dupne obavijesti: 12. nedjelja kroz godinu"},"content":{"rendered":"\n<ul class=\"wp-block-list\"><li><strong>Danas slavimo 12. nedjelju kroz\ngodinu. <\/strong><\/li><\/ul>\n\n\n\n<ul class=\"wp-block-list\"><li><strong>Sutra slavimo Ro\u0111enje Ivana\nKrstitelja. Svete mise su u 7:30 i 18:30 sati.<\/strong><\/li><\/ul>\n\n\n\n<ul class=\"wp-block-list\"><li><strong>U utorak je Dan dr\u017eavnosti. Sveta\nmisa za Domovinu bit \u0107e u 18:30 sati kada \u0107emo i moliti u sklopu devetnice\n\u201eHrvatska moli za \u017eivot\u201c. Nadamo se da \u0107emo kao \u017eupljani i&nbsp; vjernici sudjelovati u ovim molitvama. &nbsp;<\/strong><\/li><\/ul>\n\n\n\n<ul class=\"wp-block-list\"><li><strong>U \u010detvrtak je nakon ve\u010dernje\nsvete mise klanjanje pred Presvetim. U Vikarijatu je Socijalni \u010detvrtak&nbsp; pod vodstvom mr. Igora Jakobfija u 19:30.<\/strong><\/li><\/ul>\n\n\n\n<ul class=\"wp-block-list\"><li><strong>U petak slavimo Presveto Srce\nIsusovo. U na\u0161oj \u017eupi svete mise su u 7:30 i 18:30 sati. U Rezidenciji Dru\u017ebe\nIsusove u Osijeku, Ulica kardinala A. Stepinca 27, slave svoga nebeskog\nza\u0161titnika. Svete mise su u 7:00, 9:00, 11:00 i 19:30 sati. Svetu misu u 11:00\nsati predvodi pomo\u0107ni biskup na\u0161e Nadbiskupije mons. Ivan \u0106uri\u0107.<\/strong><\/li><\/ul>\n\n\n\n<ul class=\"wp-block-list\"><li><strong>U subotu slavimo svetkovinu sv.\nPetra i Pavla, za\u0161titnike grada Osijeka i istoimene \u017eupe u Osijeku. Svete mise\nu Konkatedrali su u 6:30, 8:30, 10:00, 11:30 i 18:30 sati. Ve\u010dernju svetu misu\npredslavi mons. Ivan \u0106uri\u0107, pomo\u0107ni biskup na\u0161e Nadbiskupije. U na\u0161oj \u017eupi\nsvete mise su u 7:30 i 18:30 sati.<\/strong><\/li><\/ul>\n\n\n\n<ul class=\"wp-block-list\"><li><strong>Sljede\u0107e nedjelje slavimo trinaestu\nnedjelju kroz godinu. <\/strong><\/li><\/ul>\n\n\n\n<ul class=\"wp-block-list\"><li><strong>U srpnju i kolovozu nedjeljne\nsvete mise su u 7:00, 10:00 i 18:30 sati.<\/strong><\/li><\/ul>\n\n\n\n<ul class=\"wp-block-list\"><li><strong>Molimo sve vas koji jo\u0161 nemate\n\u017eupnu obiteljsku knji\u017eicu ili je potrebno upisati promjene u postoje\u0107e, da se\njavite u \u017eupni ured.<\/strong><\/li><\/ul>\n\n\n\n<ol class=\"wp-block-list\"><li><strong>Kupujte i \u010ditajte vjerski tisak. <\/strong><\/li><\/ol>\n","protected":false},"excerpt":{"rendered":"<p>Danas slavimo 12. nedjelju kroz godinu. Sutra slavimo Ro\u0111enje Ivana Krstitelja. Svete mise su u 7:30 i 18:30 sati. U utorak je Dan dr\u017eavnosti. Sveta misa za Domovinu bit \u0107e u 18:30 sati kada \u0107emo i moliti u sklopu devetnice \u201eHrvatska moli za \u017eivot\u201c. Nadamo se da \u0107emo kao \u017eupljani i&nbsp; vjernici sudjelovati u ovim <a href=\"https:\/\/svetaobitelj.hr\/?p=912\" class=\"more-link\">[&hellip;]<\/a><\/p>\n","protected":false},"author":2,"featured_media":0,"comment_status":"closed","ping_status":"closed","sticky":false,"template":"","format":"standard","meta":{"footnotes":""},"categories":[3],"tags":[],"class_list":["entry","author-","post-912","post","type-post","status-publish","format-standard","category-zupa"],"_links":{"self":[{"href":"https:\/\/svetaobitelj.hr\/index.php?rest_route=\/wp\/v2\/posts\/912","targetHints":{"allow":["GET"]}}],"collection":[{"href":"https:\/\/svetaobitelj.hr\/index.php?rest_route=\/wp\/v2\/posts"}],"about":[{"href":"https:\/\/svetaobitelj.hr\/index.php?rest_route=\/wp\/v2\/types\/post"}],"author":[{"embeddable":true,"href":"https:\/\/svetaobitelj.hr\/index.php?rest_route=\/wp\/v2\/users\/2"}],"replies":[{"embeddable":true,"href":"https:\/\/svetaobitelj.hr\/index.php?rest_route=%2Fwp%2Fv2%2Fcomments&post=912"}],"version-history":[{"count":1,"href":"https:\/\/svetaobitelj.hr\/index.php?rest_route=\/wp\/v2\/posts\/912\/revisions"}],"predecessor-version":[{"id":913,"href":"https:\/\/svetaobitelj.hr\/index.php?rest_route=\/wp\/v2\/posts\/912\/revisions\/913"}],"wp:attachment":[{"href":"https:\/\/svetaobitelj.hr\/index.php?rest_route=%2Fwp%2Fv2%2Fmedia&parent=912"}],"wp:term":[{"taxonomy":"category","embeddable":true,"href":"https:\/\/svetaobitelj.hr\/index.php?rest_route=%2Fwp%2Fv2%2Fcategories&post=912"},{"taxonomy":"post_tag","embeddable":true,"href":"https:\/\/svetaobitelj.hr\/index.php?rest_route=%2Fwp%2Fv2%2Ftags&post=912"}],"curies":[{"name":"wp","href":"https:\/\/api.w.org\/{rel}","templated":true}]}}