{"id":908,"date":"2019-06-14T08:58:57","date_gmt":"2019-06-14T07:58:57","guid":{"rendered":"http:\/\/svetaobitelj.hr\/?p=908"},"modified":"2020-01-29T21:57:54","modified_gmt":"2020-01-29T20:57:54","slug":"seminar-za-animatore-i-suradnike-zupnih-karitativnih-skupina-ustani-i-hodaj","status":"publish","type":"post","link":"https:\/\/svetaobitelj.hr\/?p=908","title":{"rendered":"Seminar za animatore i suradnike \u017eupnih karitativnih skupina: Ustani i hodaj"},"content":{"rendered":"\n<figure class=\"wp-block-image\"><img loading=\"lazy\" decoding=\"async\" width=\"1024\" height=\"1024\" src=\"http:\/\/svetaobitelj.hr\/wp-content\/uploads\/2019\/06\/slika-1-1024x1024.jpg\" alt=\"\" class=\"wp-image-909\" srcset=\"https:\/\/svetaobitelj.hr\/wp-content\/uploads\/2019\/06\/slika-1-1024x1024.jpg 1024w, https:\/\/svetaobitelj.hr\/wp-content\/uploads\/2019\/06\/slika-1-150x150.jpg 150w, https:\/\/svetaobitelj.hr\/wp-content\/uploads\/2019\/06\/slika-1-300x300.jpg 300w, https:\/\/svetaobitelj.hr\/wp-content\/uploads\/2019\/06\/slika-1-768x768.jpg 768w, https:\/\/svetaobitelj.hr\/wp-content\/uploads\/2019\/06\/slika-1.jpg 1920w\" sizes=\"auto, (max-width: 1024px) 100vw, 1024px\" \/><\/figure>\n\n\n\n<p>Vele\u010dasni Drago Tukara, ravnatelj Caritasa na\u0161e Nadbiskupije pozdravio nas je i uveo u seminar koji je odr\u017eao vl\u010d. Ivica Marti\u0107, \u017eupnik  \u017eupe u Retfali. Sve zajedno nas je bilo oko 60, a u ime na\u0161eg \u017eupnog caritasa su bile Helena Budim\u010di\u0107 i Jasna Hazenauer. Prekrasno i pou\u010dno predavanje zapo\u010deo je ozdravljenjem hromog \u010dovjeka koga su u ime Isusa Krista ozdravili Petar i Ivan. Treba biti ponosan \u0161to mo\u017ee\u0161 ostvarivati Bo\u017eje djelo, prestati se baviti samim sobom i svojim potrebama. Treba gledati potrebe drugih oko sebe i bit \u0107e\u0161 nagra\u0111en velikim zadovoljstvom i punim srcem, jasno, ne samo gledati&#8230;Pozvao nas je predava\u010d da se dru\u017eimo, razgovaramo i u\u010dimo jedni od drugih. Pozvani smo &#8221; prati noge jedni drugima&#8221; a ne da &#8220;peremo mozak&#8221; . I hodo\u010da\u0161\u0107a su \u017eelja \u010dovjeka da budemo \u0161to vi\u0161e s Bogom. Sveti Ivan Pavao II bio je veliki hodo\u010dasnik i Papa putnik. Molimo svaki dan da sve \u0161to \u010dinimo bude u ime Isusovo, a ne u vlastito. Rad Caritasa ne smije se prepoznavati samo u podjeli materijalnog, ve\u0107 i u molitvi, u razgovoru, susretima. Na ovom seminaru imali smo rad u skupinama koji je bio osmi\u0161ljen pohodom Svetoga Ivana Pavla II na\u0161oj domovini po danima, a mi smo sudjelovali u petoj skupini: Posjet Pape Zadru.  Vele\u010dasni Tukara iznio je svoja iskustva i dobra i lo\u0161a, a predlo\u017eio nam je neke konkretne prijedloge me\u0111u kojima je i prijedlog da za slijede\u0107i seminar negdje hodo\u010dastimo kako ne bi bili, u klasi\u010dnom smislu, u zatvorenom prostoru. <\/p>\n\n\n\n<p>Jasna Hazenauer<\/p>\n","protected":false},"excerpt":{"rendered":"<p>Vele\u010dasni Drago Tukara, ravnatelj Caritasa na\u0161e Nadbiskupije pozdravio nas je i uveo u seminar koji je odr\u017eao vl\u010d. Ivica Marti\u0107, \u017eupnik \u017eupe u Retfali. Sve zajedno nas je bilo oko 60, a u ime na\u0161eg \u017eupnog caritasa su bile Helena Budim\u010di\u0107 i Jasna Hazenauer. Prekrasno i pou\u010dno predavanje zapo\u010deo je ozdravljenjem hromog \u010dovjeka koga su <a href=\"https:\/\/svetaobitelj.hr\/?p=908\" class=\"more-link\">[&hellip;]<\/a><\/p>\n","protected":false},"author":2,"featured_media":0,"comment_status":"closed","ping_status":"closed","sticky":false,"template":"","format":"standard","meta":{"footnotes":""},"categories":[3],"tags":[],"class_list":["entry","author-","post-908","post","type-post","status-publish","format-standard","category-zupa"],"_links":{"self":[{"href":"https:\/\/svetaobitelj.hr\/index.php?rest_route=\/wp\/v2\/posts\/908","targetHints":{"allow":["GET"]}}],"collection":[{"href":"https:\/\/svetaobitelj.hr\/index.php?rest_route=\/wp\/v2\/posts"}],"about":[{"href":"https:\/\/svetaobitelj.hr\/index.php?rest_route=\/wp\/v2\/types\/post"}],"author":[{"embeddable":true,"href":"https:\/\/svetaobitelj.hr\/index.php?rest_route=\/wp\/v2\/users\/2"}],"replies":[{"embeddable":true,"href":"https:\/\/svetaobitelj.hr\/index.php?rest_route=%2Fwp%2Fv2%2Fcomments&post=908"}],"version-history":[{"count":1,"href":"https:\/\/svetaobitelj.hr\/index.php?rest_route=\/wp\/v2\/posts\/908\/revisions"}],"predecessor-version":[{"id":910,"href":"https:\/\/svetaobitelj.hr\/index.php?rest_route=\/wp\/v2\/posts\/908\/revisions\/910"}],"wp:attachment":[{"href":"https:\/\/svetaobitelj.hr\/index.php?rest_route=%2Fwp%2Fv2%2Fmedia&parent=908"}],"wp:term":[{"taxonomy":"category","embeddable":true,"href":"https:\/\/svetaobitelj.hr\/index.php?rest_route=%2Fwp%2Fv2%2Fcategories&post=908"},{"taxonomy":"post_tag","embeddable":true,"href":"https:\/\/svetaobitelj.hr\/index.php?rest_route=%2Fwp%2Fv2%2Ftags&post=908"}],"curies":[{"name":"wp","href":"https:\/\/api.w.org\/{rel}","templated":true}]}}