{"id":906,"date":"2019-06-14T08:30:52","date_gmt":"2019-06-14T07:30:52","guid":{"rendered":"http:\/\/svetaobitelj.hr\/?p=906"},"modified":"2020-01-29T21:57:54","modified_gmt":"2020-01-29T20:57:54","slug":"zupne-obavijesti-presveto-trojstvo-2","status":"publish","type":"post","link":"https:\/\/svetaobitelj.hr\/?p=906","title":{"rendered":"\u017dupne obavijesti: Presveto Trojstvo"},"content":{"rendered":"\n<p><\/p>\n\n\n\n<p>16.\nlipnja 2019.<\/p>\n\n\n\n<ul class=\"wp-block-list\"><li><strong>Danas slavimo Presveto Trojstvo. Pod\nsvetom misom u 11:00 sati zahvalit \u0107emo Bogu za proteklu katehetsku,\nvjeronau\u010dnu i \u0161kolsku godinu.<\/strong><\/li><\/ul>\n\n\n\n<ul class=\"wp-block-list\"><li><strong>Sutra je biblijski sat nakon ve\u010dernje svete mise, a u Vikarijatu je \u201eBiblijsko-molitvena ve\u010der\u201c pod vodstvom vl\u010d. Kre\u0161imir Bulat  s po\u010detkom u 19:30 sati.<\/strong><\/li><\/ul>\n\n\n\n<ul class=\"wp-block-list\"><li><strong>U srijedu je nakon ve\u010dernje svete\nmise susret \u010dlanova Vojske Bezgre\u0161ne.<\/strong><\/li><\/ul>\n\n\n\n<ul class=\"wp-block-list\"><li><strong>U \u010detvrtak slavimo zapovijedani\nblagdan Tijelovo kada su svete mise po nedjeljnom rasporedu (7:00, 9:00, 11:00\ni 18:30 sati). Tijelovska procesija oko na\u0161e crkve je nakon ve\u010dernje svete mise.<\/strong><\/li><\/ul>\n\n\n\n<ul class=\"wp-block-list\"><li><strong>Sljede\u0107e nedjelje slavimo\ndvanaestu nedjelju kroz godinu. <\/strong><\/li><\/ul>\n\n\n\n<ul class=\"wp-block-list\"><li><strong>U srpnju i kolovozu nedjeljne\nsvete mise su u 7:00, 10:00 i 18:30 sati.<\/strong><\/li><\/ul>\n\n\n\n<ul class=\"wp-block-list\"><li><strong>Molimo sve vas koji jo\u0161 nemate \u017eupnu\nobiteljsku knji\u017eicu ili je potrebno upisati promjene u postoje\u0107e, da se javite\nu \u017eupni ured.<\/strong><\/li><\/ul>\n\n\n\n<ul class=\"wp-block-list\"><li><strong>Kupujte i \u010ditajte vjerski tisak. <\/strong><\/li><\/ul>\n","protected":false},"excerpt":{"rendered":"<p>16. lipnja 2019. Danas slavimo Presveto Trojstvo. Pod svetom misom u 11:00 sati zahvalit \u0107emo Bogu za proteklu katehetsku, vjeronau\u010dnu i \u0161kolsku godinu. Sutra je biblijski sat nakon ve\u010dernje svete mise, a u Vikarijatu je \u201eBiblijsko-molitvena ve\u010der\u201c pod vodstvom vl\u010d. Kre\u0161imir Bulat s po\u010detkom u 19:30 sati. U srijedu je nakon ve\u010dernje svete mise susret <a href=\"https:\/\/svetaobitelj.hr\/?p=906\" class=\"more-link\">[&hellip;]<\/a><\/p>\n","protected":false},"author":2,"featured_media":0,"comment_status":"closed","ping_status":"closed","sticky":false,"template":"","format":"standard","meta":{"footnotes":""},"categories":[3],"tags":[],"class_list":["entry","author-","post-906","post","type-post","status-publish","format-standard","category-zupa"],"_links":{"self":[{"href":"https:\/\/svetaobitelj.hr\/index.php?rest_route=\/wp\/v2\/posts\/906","targetHints":{"allow":["GET"]}}],"collection":[{"href":"https:\/\/svetaobitelj.hr\/index.php?rest_route=\/wp\/v2\/posts"}],"about":[{"href":"https:\/\/svetaobitelj.hr\/index.php?rest_route=\/wp\/v2\/types\/post"}],"author":[{"embeddable":true,"href":"https:\/\/svetaobitelj.hr\/index.php?rest_route=\/wp\/v2\/users\/2"}],"replies":[{"embeddable":true,"href":"https:\/\/svetaobitelj.hr\/index.php?rest_route=%2Fwp%2Fv2%2Fcomments&post=906"}],"version-history":[{"count":2,"href":"https:\/\/svetaobitelj.hr\/index.php?rest_route=\/wp\/v2\/posts\/906\/revisions"}],"predecessor-version":[{"id":914,"href":"https:\/\/svetaobitelj.hr\/index.php?rest_route=\/wp\/v2\/posts\/906\/revisions\/914"}],"wp:attachment":[{"href":"https:\/\/svetaobitelj.hr\/index.php?rest_route=%2Fwp%2Fv2%2Fmedia&parent=906"}],"wp:term":[{"taxonomy":"category","embeddable":true,"href":"https:\/\/svetaobitelj.hr\/index.php?rest_route=%2Fwp%2Fv2%2Fcategories&post=906"},{"taxonomy":"post_tag","embeddable":true,"href":"https:\/\/svetaobitelj.hr\/index.php?rest_route=%2Fwp%2Fv2%2Ftags&post=906"}],"curies":[{"name":"wp","href":"https:\/\/api.w.org\/{rel}","templated":true}]}}