{"id":901,"date":"2019-06-11T20:15:09","date_gmt":"2019-06-11T19:15:09","guid":{"rendered":"http:\/\/svetaobitelj.hr\/?p=901"},"modified":"2020-01-29T21:57:54","modified_gmt":"2020-01-29T20:57:54","slug":"hodocasce-na-trsat-2","status":"publish","type":"post","link":"https:\/\/svetaobitelj.hr\/?p=901","title":{"rendered":"Hodo\u010da\u0161\u0107e na Trsat"},"content":{"rendered":"\n<figure class=\"wp-block-image\"><img loading=\"lazy\" decoding=\"async\" width=\"1024\" height=\"1024\" src=\"http:\/\/svetaobitelj.hr\/wp-content\/uploads\/2019\/06\/slika1-1024x1024.jpg\" alt=\"\" class=\"wp-image-903\" srcset=\"https:\/\/svetaobitelj.hr\/wp-content\/uploads\/2019\/06\/slika1-1024x1024.jpg 1024w, https:\/\/svetaobitelj.hr\/wp-content\/uploads\/2019\/06\/slika1-150x150.jpg 150w, https:\/\/svetaobitelj.hr\/wp-content\/uploads\/2019\/06\/slika1-300x300.jpg 300w, https:\/\/svetaobitelj.hr\/wp-content\/uploads\/2019\/06\/slika1-768x768.jpg 768w, https:\/\/svetaobitelj.hr\/wp-content\/uploads\/2019\/06\/slika1.jpg 1920w\" sizes=\"auto, (max-width: 1024px) 100vw, 1024px\" \/><\/figure>\n\n\n\n<figure class=\"wp-block-image\"><img loading=\"lazy\" decoding=\"async\" width=\"1024\" height=\"1024\" src=\"http:\/\/svetaobitelj.hr\/wp-content\/uploads\/2019\/06\/slika-1024x1024.jpg\" alt=\"\" class=\"wp-image-902\" srcset=\"https:\/\/svetaobitelj.hr\/wp-content\/uploads\/2019\/06\/slika-1024x1024.jpg 1024w, https:\/\/svetaobitelj.hr\/wp-content\/uploads\/2019\/06\/slika-150x150.jpg 150w, https:\/\/svetaobitelj.hr\/wp-content\/uploads\/2019\/06\/slika-300x300.jpg 300w, https:\/\/svetaobitelj.hr\/wp-content\/uploads\/2019\/06\/slika-768x768.jpg 768w, https:\/\/svetaobitelj.hr\/wp-content\/uploads\/2019\/06\/slika.jpg 1920w\" sizes=\"auto, (max-width: 1024px) 100vw, 1024px\" \/><\/figure>\n\n\n\n<p>Ve\u0107 tradicionalno-drugu godinu za redom hodo\u010dastili smo Majci Bo\u017ejoj na Trsat.  Krenuli smo u subotu ujutro 08. lipnja u ranim jutarnjim satima, misle\u0107i da \u0107emo spavati do dolaska, ali naprotiv pjevalo se, malo ali dovoljno molilo i doista je vrijeme proletjelo tako da smo stigli na misu u 10 sati koju je predslavio na\u0161 \u017eupnik fra Dragutin.  Pod misom je propovijedao fra Mario Zubak \u017eupnik trsatski. Vrijeme nakon mise proveli smo u razgledavanju franjeva\u010dke riznice,obilasku zavjetne kapelice i suvenirnice te dru\u017eenjem sa na\u0161im ex \u017eupljaninom fra Marijanom koji \u017eivi i djeluje na Trsatu.  U bazilici smo primili blagoslov, te se oprostili sa Majkom Milosti i ohrabreni nastavili dalje. Slijede\u0107e odredi\u0161te bio je franjeva\u010dki samostan i crkva u Karlovcu, gdje nas je do\u010dekao fra Marino Kuzminski te nam je pokazao bogati franjeva\u010dki muzej, samostan i crkvu. Prepuni dojmova pozdravili smo se sa Karlovcem i fra Marinom uz obe\u0107anje da nas slijede\u0107i puta \u010deka i krigla FR KE.  Do slijede\u0107e godine Majko Bo\u017eja Trsatska, moli se za nas&#8230;..<\/p>\n","protected":false},"excerpt":{"rendered":"<p>Ve\u0107 tradicionalno-drugu godinu za redom hodo\u010dastili smo Majci Bo\u017ejoj na Trsat. Krenuli smo u subotu ujutro 08. lipnja u ranim jutarnjim satima, misle\u0107i da \u0107emo spavati do dolaska, ali naprotiv pjevalo se, malo ali dovoljno molilo i doista je vrijeme proletjelo tako da smo stigli na misu u 10 sati koju je predslavio na\u0161 \u017eupnik <a href=\"https:\/\/svetaobitelj.hr\/?p=901\" class=\"more-link\">[&hellip;]<\/a><\/p>\n","protected":false},"author":2,"featured_media":0,"comment_status":"closed","ping_status":"closed","sticky":false,"template":"","format":"standard","meta":{"footnotes":""},"categories":[3],"tags":[],"class_list":["entry","author-","post-901","post","type-post","status-publish","format-standard","category-zupa"],"_links":{"self":[{"href":"https:\/\/svetaobitelj.hr\/index.php?rest_route=\/wp\/v2\/posts\/901","targetHints":{"allow":["GET"]}}],"collection":[{"href":"https:\/\/svetaobitelj.hr\/index.php?rest_route=\/wp\/v2\/posts"}],"about":[{"href":"https:\/\/svetaobitelj.hr\/index.php?rest_route=\/wp\/v2\/types\/post"}],"author":[{"embeddable":true,"href":"https:\/\/svetaobitelj.hr\/index.php?rest_route=\/wp\/v2\/users\/2"}],"replies":[{"embeddable":true,"href":"https:\/\/svetaobitelj.hr\/index.php?rest_route=%2Fwp%2Fv2%2Fcomments&post=901"}],"version-history":[{"count":2,"href":"https:\/\/svetaobitelj.hr\/index.php?rest_route=\/wp\/v2\/posts\/901\/revisions"}],"predecessor-version":[{"id":905,"href":"https:\/\/svetaobitelj.hr\/index.php?rest_route=\/wp\/v2\/posts\/901\/revisions\/905"}],"wp:attachment":[{"href":"https:\/\/svetaobitelj.hr\/index.php?rest_route=%2Fwp%2Fv2%2Fmedia&parent=901"}],"wp:term":[{"taxonomy":"category","embeddable":true,"href":"https:\/\/svetaobitelj.hr\/index.php?rest_route=%2Fwp%2Fv2%2Fcategories&post=901"},{"taxonomy":"post_tag","embeddable":true,"href":"https:\/\/svetaobitelj.hr\/index.php?rest_route=%2Fwp%2Fv2%2Ftags&post=901"}],"curies":[{"name":"wp","href":"https:\/\/api.w.org\/{rel}","templated":true}]}}