{"id":898,"date":"2019-06-07T10:50:03","date_gmt":"2019-06-07T09:50:03","guid":{"rendered":"http:\/\/svetaobitelj.hr\/?p=898"},"modified":"2020-01-29T21:57:54","modified_gmt":"2020-01-29T20:57:54","slug":"zupne-obavijesti-duhovi-2","status":"publish","type":"post","link":"https:\/\/svetaobitelj.hr\/?p=898","title":{"rendered":"\u017dupne obavijesti: Duhovi"},"content":{"rendered":"\n<p><\/p>\n\n\n\n<p>9. lipnja\n2019.<\/p>\n\n\n\n<ul class=\"wp-block-list\"><li><strong>Danas slavimo Nedjelju\nPedesetnice &#8211; Duhove. Zavr\u0161etak je vazmenog ciklusa crkvene ili liturgijske\ngodine. Nakon svetih misa skupljamo nov\u010dane priloge za obnovu Ku\u0107e susreta\nTabor u Samoboru. Susret Mjesnoga bratstva OFS-a je u 16:30 sati.<\/strong><\/li><\/ul>\n\n\n\n<ul class=\"wp-block-list\"><li><strong>Sutra slavimo spomendan Marije\nMajke Crkve. Svete mise su u 7:30 i 18:30 sati. Biblijski sat je nakon ve\u010dernje\nsvete mise.<\/strong><\/li><\/ul>\n\n\n\n<ul class=\"wp-block-list\"><li><strong>U utorak zavr\u0161ava pobo\u017enost 13\nutoraka na \u010dast sv. Antunu Padovanskom u 18:15 sati.<\/strong><\/li><\/ul>\n\n\n\n<ul class=\"wp-block-list\"><li><strong>U \u010detvrtak ne\u0107e biti svetih misa\nu na\u0161oj \u017eupnoj crkvi i ne\u0107emo uredovati u \u017eupnom uredu<\/strong><strong>. U franjeva\u010dkoj crkvi u Tvr\u0111i\nslavimo sv. Antuna Padovanskoga. Ispovijedanja zapo\u010dinju u 2:30, a prva sveta\nmisa je u 3:00 sata. <\/strong><\/li><\/ul>\n\n\n\n<ul class=\"wp-block-list\"><li><strong>Sljede\u0107e nedjelje slavimo\nPresveto Trojstvo. Pod svetom misom u 11:00 sati zahvalit \u0107emo za proteklu\nkatehetsku, vjeronau\u010dnu i \u0161kolsku godinu. <\/strong><\/li><\/ul>\n\n\n\n<ul class=\"wp-block-list\"><li><strong>U srpnju i kolovozu nedjeljne\nsvete mise su u 7:00, 10:00 i 18:30 sati.<\/strong><\/li><\/ul>\n\n\n\n<ul class=\"wp-block-list\"><li><strong>Molimo sve vas koji jo\u0161 nemate\n\u017eupnu knji\u017eicu ili je potrebno upisati promjene u postoje\u0107e, da se javite u\n\u017eupni ured.<\/strong><\/li><\/ul>\n\n\n\n<ul class=\"wp-block-list\"><li><strong>Kupujte i \u010ditajte vjerski tisak. <\/strong><\/li><\/ul>\n","protected":false},"excerpt":{"rendered":"<p>9. lipnja 2019. Danas slavimo Nedjelju Pedesetnice &#8211; Duhove. Zavr\u0161etak je vazmenog ciklusa crkvene ili liturgijske godine. Nakon svetih misa skupljamo nov\u010dane priloge za obnovu Ku\u0107e susreta Tabor u Samoboru. Susret Mjesnoga bratstva OFS-a je u 16:30 sati. Sutra slavimo spomendan Marije Majke Crkve. Svete mise su u 7:30 i 18:30 sati. Biblijski sat je <a href=\"https:\/\/svetaobitelj.hr\/?p=898\" class=\"more-link\">[&hellip;]<\/a><\/p>\n","protected":false},"author":2,"featured_media":0,"comment_status":"closed","ping_status":"closed","sticky":false,"template":"","format":"standard","meta":{"footnotes":""},"categories":[3],"tags":[],"class_list":["entry","author-","post-898","post","type-post","status-publish","format-standard","category-zupa"],"_links":{"self":[{"href":"https:\/\/svetaobitelj.hr\/index.php?rest_route=\/wp\/v2\/posts\/898","targetHints":{"allow":["GET"]}}],"collection":[{"href":"https:\/\/svetaobitelj.hr\/index.php?rest_route=\/wp\/v2\/posts"}],"about":[{"href":"https:\/\/svetaobitelj.hr\/index.php?rest_route=\/wp\/v2\/types\/post"}],"author":[{"embeddable":true,"href":"https:\/\/svetaobitelj.hr\/index.php?rest_route=\/wp\/v2\/users\/2"}],"replies":[{"embeddable":true,"href":"https:\/\/svetaobitelj.hr\/index.php?rest_route=%2Fwp%2Fv2%2Fcomments&post=898"}],"version-history":[{"count":1,"href":"https:\/\/svetaobitelj.hr\/index.php?rest_route=\/wp\/v2\/posts\/898\/revisions"}],"predecessor-version":[{"id":899,"href":"https:\/\/svetaobitelj.hr\/index.php?rest_route=\/wp\/v2\/posts\/898\/revisions\/899"}],"wp:attachment":[{"href":"https:\/\/svetaobitelj.hr\/index.php?rest_route=%2Fwp%2Fv2%2Fmedia&parent=898"}],"wp:term":[{"taxonomy":"category","embeddable":true,"href":"https:\/\/svetaobitelj.hr\/index.php?rest_route=%2Fwp%2Fv2%2Fcategories&post=898"},{"taxonomy":"post_tag","embeddable":true,"href":"https:\/\/svetaobitelj.hr\/index.php?rest_route=%2Fwp%2Fv2%2Ftags&post=898"}],"curies":[{"name":"wp","href":"https:\/\/api.w.org\/{rel}","templated":true}]}}