{"id":891,"date":"2019-06-03T20:40:26","date_gmt":"2019-06-03T19:40:26","guid":{"rendered":"http:\/\/svetaobitelj.hr\/?p=891"},"modified":"2020-01-29T21:57:54","modified_gmt":"2020-01-29T20:57:54","slug":"gostovanje-zbora-iz-nove-gradiske","status":"publish","type":"post","link":"https:\/\/svetaobitelj.hr\/?p=891","title":{"rendered":"Gostovanje zbora iz Nove Gradi\u0161ke"},"content":{"rendered":"\n<figure class=\"wp-block-image\"><img loading=\"lazy\" decoding=\"async\" width=\"1024\" height=\"1024\" src=\"http:\/\/svetaobitelj.hr\/wp-content\/uploads\/2019\/06\/kolaz-1024x1024.jpg\" alt=\"\" class=\"wp-image-892\" srcset=\"https:\/\/svetaobitelj.hr\/wp-content\/uploads\/2019\/06\/kolaz-1024x1024.jpg 1024w, https:\/\/svetaobitelj.hr\/wp-content\/uploads\/2019\/06\/kolaz-150x150.jpg 150w, https:\/\/svetaobitelj.hr\/wp-content\/uploads\/2019\/06\/kolaz-300x300.jpg 300w, https:\/\/svetaobitelj.hr\/wp-content\/uploads\/2019\/06\/kolaz-768x768.jpg 768w, https:\/\/svetaobitelj.hr\/wp-content\/uploads\/2019\/06\/kolaz.jpg 1920w\" sizes=\"auto, (max-width: 1024px) 100vw, 1024px\" \/><\/figure>\n\n\n\n<p>U nedjelju, 02. lipnja 2019.\npod misom u 11 sati Hrvatsko pjeva\u010dko dru\u0161tvo \u201d Grani\u010dar\u201d iz Nove Gradi\u0161ke\npredvodilo je liturgijsko pjevanje. Izveli su Gr\u017ein\u010di\u0107evu misu uz nekoliko\nuskrsnih pjesama. Misno slavlje predvodio je \u017eupnik fra Dragutin Bedeni\u010di\u0107. Pod\nmisom su bila i dva kr\u0161tenja, te je fra Dragutin istaknuo odgovornost odgoja u\nvjeri, radost \u0161to Isus, kako je zapisano u Evan\u0111elju, moli za nas koji slu\u0161amo\nBozju rije\u010d te ohrabreni&nbsp; odgovorno\nsvjedo\u010dimo u dana\u0161njem svijetu vlastitu vjeru koja je povezana vjerom \u010ditave\nCrkve. Radosni smo jer smo oboga\u0107eni ljepotom pjevanja i slavljena Boga kojeg\nsu nam zbora\u0161i pribli\u017eili svojim glasovima. Nakon svete mise zajedni\u010dkim ru\u010dkom\ni dru\u017eenjem zaokru\u017eili smo jedno prijateljstvo, a zahvaljujemo voditelju dru\u0161tva\nIvanu Korenu i dirigentici Ivani Bu\u0161i\u0107 kao i \u010ditavom zboru \u0161to su \u017eeljeli ovu\nnedjelju biti s nama na jugu Osijeka.<\/p>\n\n\n\n<p><\/p>\n","protected":false},"excerpt":{"rendered":"<p>U nedjelju, 02. lipnja 2019. pod misom u 11 sati Hrvatsko pjeva\u010dko dru\u0161tvo \u201d Grani\u010dar\u201d iz Nove Gradi\u0161ke predvodilo je liturgijsko pjevanje. Izveli su Gr\u017ein\u010di\u0107evu misu uz nekoliko uskrsnih pjesama. Misno slavlje predvodio je \u017eupnik fra Dragutin Bedeni\u010di\u0107. Pod misom su bila i dva kr\u0161tenja, te je fra Dragutin istaknuo odgovornost odgoja u vjeri, radost <a href=\"https:\/\/svetaobitelj.hr\/?p=891\" class=\"more-link\">[&hellip;]<\/a><\/p>\n","protected":false},"author":2,"featured_media":0,"comment_status":"closed","ping_status":"closed","sticky":false,"template":"","format":"standard","meta":{"footnotes":""},"categories":[3],"tags":[],"class_list":["entry","author-","post-891","post","type-post","status-publish","format-standard","category-zupa"],"_links":{"self":[{"href":"https:\/\/svetaobitelj.hr\/index.php?rest_route=\/wp\/v2\/posts\/891","targetHints":{"allow":["GET"]}}],"collection":[{"href":"https:\/\/svetaobitelj.hr\/index.php?rest_route=\/wp\/v2\/posts"}],"about":[{"href":"https:\/\/svetaobitelj.hr\/index.php?rest_route=\/wp\/v2\/types\/post"}],"author":[{"embeddable":true,"href":"https:\/\/svetaobitelj.hr\/index.php?rest_route=\/wp\/v2\/users\/2"}],"replies":[{"embeddable":true,"href":"https:\/\/svetaobitelj.hr\/index.php?rest_route=%2Fwp%2Fv2%2Fcomments&post=891"}],"version-history":[{"count":2,"href":"https:\/\/svetaobitelj.hr\/index.php?rest_route=\/wp\/v2\/posts\/891\/revisions"}],"predecessor-version":[{"id":896,"href":"https:\/\/svetaobitelj.hr\/index.php?rest_route=\/wp\/v2\/posts\/891\/revisions\/896"}],"wp:attachment":[{"href":"https:\/\/svetaobitelj.hr\/index.php?rest_route=%2Fwp%2Fv2%2Fmedia&parent=891"}],"wp:term":[{"taxonomy":"category","embeddable":true,"href":"https:\/\/svetaobitelj.hr\/index.php?rest_route=%2Fwp%2Fv2%2Fcategories&post=891"},{"taxonomy":"post_tag","embeddable":true,"href":"https:\/\/svetaobitelj.hr\/index.php?rest_route=%2Fwp%2Fv2%2Ftags&post=891"}],"curies":[{"name":"wp","href":"https:\/\/api.w.org\/{rel}","templated":true}]}}