{"id":885,"date":"2019-06-01T12:51:42","date_gmt":"2019-06-01T11:51:42","guid":{"rendered":"http:\/\/svetaobitelj.hr\/?p=885"},"modified":"2020-01-29T21:57:54","modified_gmt":"2020-01-29T20:57:54","slug":"dobrotvorni-koncert-za-misiju-minero-u-boliviji","status":"publish","type":"post","link":"https:\/\/svetaobitelj.hr\/?p=885","title":{"rendered":"Dobrotvorni koncert za misiju Minero u Boliviji"},"content":{"rendered":"\n<figure class=\"wp-block-image\"><img loading=\"lazy\" decoding=\"async\" width=\"1024\" height=\"1024\" src=\"http:\/\/svetaobitelj.hr\/wp-content\/uploads\/2019\/06\/kolaz1-1024x1024.jpg\" alt=\"\" class=\"wp-image-886\" srcset=\"https:\/\/svetaobitelj.hr\/wp-content\/uploads\/2019\/06\/kolaz1-1024x1024.jpg 1024w, https:\/\/svetaobitelj.hr\/wp-content\/uploads\/2019\/06\/kolaz1-150x150.jpg 150w, https:\/\/svetaobitelj.hr\/wp-content\/uploads\/2019\/06\/kolaz1-300x300.jpg 300w, https:\/\/svetaobitelj.hr\/wp-content\/uploads\/2019\/06\/kolaz1-768x768.jpg 768w, https:\/\/svetaobitelj.hr\/wp-content\/uploads\/2019\/06\/kolaz1.jpg 1920w\" sizes=\"auto, (max-width: 1024px) 100vw, 1024px\" \/><\/figure>\n\n\n\n<p>U subotu, 31. svibnja 2019. godine, u \u017dupi Svete Obitelji, odr\u017ean je dobrotvorni koncert za misiju Minero u Boliviji. Misija u Boliviji prostire se na nekih osamdesetak kilometara i broji oko 50 tisu\u0107a stanovnika i tamo djeluje fra Ivica Vrbi\u0107, koji zajedno sa svoja dva subrata kapucina redovito obilazi dvadeset i dvije filijale \u0161ire\u0107i radosnu vijest. Na\u0161a misijska skupina odlu\u010dila je ove godine napraviti iskorak i upustiti se u avanturu zvanu koncert, te na taj na\u010din prikupiti nov\u010dana sredstva za misiju Minero. Dobrotvorni koncert zapo\u010deo je Zbor milosrdnih sestara sv. Kri\u017ea iz \u0110akova pjesmom &#8220;Neka cijeli ovaj svijet&#8221;. Voditeljica misijske skupine Tatjana \u0160arga\u010d zahvalila je svim sudionicima koncerta, kao i posjetiteljima na odazivu, a posebice svojim &#8220;misionarima&#8221; iz misijske skupine, te Danijelu Jancu voditelju Ve\u010dernjeg zbora na\u0161e \u017eupe na pomo\u0107i pri organizaciji koncerta. Nakon \u0161to je na\u0161 hrvatski branitelj Stipe Crnkovi\u0107 pro\u010ditao molitvu za misije, zajedni\u010dki smo izmolili O\u010dena\u0161 za uspjeh koncerta i svih misija. <\/p>\n\n\n\n<figure class=\"wp-block-image\"><img loading=\"lazy\" decoding=\"async\" width=\"1024\" height=\"1024\" src=\"http:\/\/svetaobitelj.hr\/wp-content\/uploads\/2019\/06\/kolaz2-1024x1024.jpg\" alt=\"\" class=\"wp-image-887\" srcset=\"https:\/\/svetaobitelj.hr\/wp-content\/uploads\/2019\/06\/kolaz2-1024x1024.jpg 1024w, https:\/\/svetaobitelj.hr\/wp-content\/uploads\/2019\/06\/kolaz2-150x150.jpg 150w, https:\/\/svetaobitelj.hr\/wp-content\/uploads\/2019\/06\/kolaz2-300x300.jpg 300w, https:\/\/svetaobitelj.hr\/wp-content\/uploads\/2019\/06\/kolaz2-768x768.jpg 768w, https:\/\/svetaobitelj.hr\/wp-content\/uploads\/2019\/06\/kolaz2.jpg 1920w\" sizes=\"auto, (max-width: 1024px) 100vw, 1024px\" \/><\/figure>\n\n\n\n<p>Pred prepunom crkvom nastupili su: Zbor mladih konkatedrale Osijek, Viktorija Kuli\u0161i\u0107 \u0110enka i Ve\u010dernji zbor \u017dupe Svete obitelji. Videoporukom, nazo\u010dnima se obratio nadbiskup msgr. \u0110uro Hrani\u0107, te uputio rije\u010di ohrabrenja i podr\u0161ke izra\u017eavaju\u0107i \u017ealjenje \u0161to nije u mogu\u0107nosti nazo\u010diti ovom doga\u0111aju. U kratkom filmu smo imali priliku vidjeti na\u010din i uvjete \u017eivota u misiji Minero. Videoporukom obratio nam se  i voditelj misije Minero fra Ivica, zahvaliv\u0161i se na na\u0161em trudu i spremnosti za pomo\u0107 misiji, te je pri tome rekao: &#8220;Gospodin vas nagradio za sav va\u0161 trud koji \u010dinite za njegove siroma\u0161ke&#8221;. <br>Nazo\u010dne je pozdravio i na\u0161 \u017eupnik fra Dragutin, koji je izrazio veliku radost zbog koncerta, te podr\u0161ku radu na\u0161e misijske skupine, zahvalan za sav rad i trud. Voditeljima zborova uru\u010dio je zahvalnice i prigodne darove kao znak zahvalnosti na njihovoj spremnosti za pomo\u0107 potrebitima.  Koncert je zavr\u0161io zajedni\u010dkim nastupom svih izvo\u0111a\u010da uz pjesmu Mesija (On dolazi) uz pljesak i odu\u0161evljenje publike. Gospodinu smo zahvalni \u0161to nas je pozvao, okupio i \u0161to smo svojim vremenom, trudom i odricanjem pomogli one najmanje me\u0111u nama. Dobro je \u010diniti dobro!<\/p>\n\n\n\n<figure class=\"wp-block-image\"><img loading=\"lazy\" decoding=\"async\" width=\"1024\" height=\"1024\" src=\"http:\/\/svetaobitelj.hr\/wp-content\/uploads\/2019\/06\/kolaz3-1024x1024.jpg\" alt=\"\" class=\"wp-image-888\" srcset=\"https:\/\/svetaobitelj.hr\/wp-content\/uploads\/2019\/06\/kolaz3-1024x1024.jpg 1024w, https:\/\/svetaobitelj.hr\/wp-content\/uploads\/2019\/06\/kolaz3-150x150.jpg 150w, https:\/\/svetaobitelj.hr\/wp-content\/uploads\/2019\/06\/kolaz3-300x300.jpg 300w, https:\/\/svetaobitelj.hr\/wp-content\/uploads\/2019\/06\/kolaz3-768x768.jpg 768w, https:\/\/svetaobitelj.hr\/wp-content\/uploads\/2019\/06\/kolaz3.jpg 1920w\" sizes=\"auto, (max-width: 1024px) 100vw, 1024px\" \/><\/figure>\n\n\n\n<p> <\/p>\n","protected":false},"excerpt":{"rendered":"<p>U subotu, 31. svibnja 2019. godine, u \u017dupi Svete Obitelji, odr\u017ean je dobrotvorni koncert za misiju Minero u Boliviji. Misija u Boliviji prostire se na nekih osamdesetak kilometara i broji oko 50 tisu\u0107a stanovnika i tamo djeluje fra Ivica Vrbi\u0107, koji zajedno sa svoja dva subrata kapucina redovito obilazi dvadeset i dvije filijale \u0161ire\u0107i radosnu <a href=\"https:\/\/svetaobitelj.hr\/?p=885\" class=\"more-link\">[&hellip;]<\/a><\/p>\n","protected":false},"author":2,"featured_media":0,"comment_status":"closed","ping_status":"closed","sticky":false,"template":"","format":"standard","meta":{"footnotes":""},"categories":[3],"tags":[],"class_list":["entry","author-","post-885","post","type-post","status-publish","format-standard","category-zupa"],"_links":{"self":[{"href":"https:\/\/svetaobitelj.hr\/index.php?rest_route=\/wp\/v2\/posts\/885","targetHints":{"allow":["GET"]}}],"collection":[{"href":"https:\/\/svetaobitelj.hr\/index.php?rest_route=\/wp\/v2\/posts"}],"about":[{"href":"https:\/\/svetaobitelj.hr\/index.php?rest_route=\/wp\/v2\/types\/post"}],"author":[{"embeddable":true,"href":"https:\/\/svetaobitelj.hr\/index.php?rest_route=\/wp\/v2\/users\/2"}],"replies":[{"embeddable":true,"href":"https:\/\/svetaobitelj.hr\/index.php?rest_route=%2Fwp%2Fv2%2Fcomments&post=885"}],"version-history":[{"count":1,"href":"https:\/\/svetaobitelj.hr\/index.php?rest_route=\/wp\/v2\/posts\/885\/revisions"}],"predecessor-version":[{"id":889,"href":"https:\/\/svetaobitelj.hr\/index.php?rest_route=\/wp\/v2\/posts\/885\/revisions\/889"}],"wp:attachment":[{"href":"https:\/\/svetaobitelj.hr\/index.php?rest_route=%2Fwp%2Fv2%2Fmedia&parent=885"}],"wp:term":[{"taxonomy":"category","embeddable":true,"href":"https:\/\/svetaobitelj.hr\/index.php?rest_route=%2Fwp%2Fv2%2Fcategories&post=885"},{"taxonomy":"post_tag","embeddable":true,"href":"https:\/\/svetaobitelj.hr\/index.php?rest_route=%2Fwp%2Fv2%2Ftags&post=885"}],"curies":[{"name":"wp","href":"https:\/\/api.w.org\/{rel}","templated":true}]}}