{"id":883,"date":"2019-05-31T17:57:16","date_gmt":"2019-05-31T16:57:16","guid":{"rendered":"http:\/\/svetaobitelj.hr\/?p=883"},"modified":"2020-01-29T21:57:54","modified_gmt":"2020-01-29T20:57:54","slug":"zupne-obavijesti-7-vazmena-nedjelja","status":"publish","type":"post","link":"https:\/\/svetaobitelj.hr\/?p=883","title":{"rendered":"\u017dupne obavijesti: 7. vazmena nedjelja"},"content":{"rendered":"\n<p><\/p>\n\n\n\n<ul class=\"wp-block-list\"><li><strong>Danas slavimo sedmu vazmenu\nnedjelju. Prva je nedjelja u mjesecu kada se svojim molitvama i nov\u010danim\nprilozima sje\u0107amo na\u0161ih sjemeni\u0161ta te molimo za duhovna zvanja. Gosti na\u0161e \u017eupe\n\u010dlanovi su Hrvatskoga pjeva\u010dkog dru\u0161tva \u201eGrani\u010dar\u201c iz Nove Gradi\u0161ke koji \u0107e\npjevati pod svetom misom u 11:00 sati.<\/strong><\/li><\/ul>\n\n\n\n<ul class=\"wp-block-list\"><li><strong>Sutra je biblijski sat nakon\nve\u010dernje svete mise. <\/strong><\/li><\/ul>\n\n\n\n<ul class=\"wp-block-list\"><li><strong>U utorak je pobo\u017enost na \u010dast sv.\nAntunu Padovanskom u 18:15 sati.<\/strong><\/li><\/ul>\n\n\n\n<ul class=\"wp-block-list\"><li><strong>U \u010detvrtak je klanjanje pred\nPresvetim nakon ve\u010dernje svete mise.<\/strong><\/li><\/ul>\n\n\n\n<ul class=\"wp-block-list\"><li><strong>U subotu je na\u0161e \u017eupno hodo\u010da\u0161\u0107e\nMajci Milosti na Trsat. Zainteresirani neka se jave u \u017eupni ured. Cijena puta\nje 170 kn, a polazak \u0107e biti u 4:00 sata. U zagreba\u010dkoj katedrali bit \u0107e u 10\nsati prezbitersko re\u0111enje gdje \u0107e kardinal Josip Bozani\u0107 me\u0111u ostalima zarediti\ni dvojicu iz na\u0161e Hrvatske franjeva\u010dke provincije sv. \u0106irila i Metoda, fra\nJosipa Ivki\u0107a iz Slavonskoga \u0160amca i fra Andrea Matanovi\u0107a iz Zagreba. U \u0110akovu\n\u0107e biti Seminar za animatore i suradnike \u017eupnih karitativnih skupina.<\/strong><\/li><\/ul>\n\n\n\n<ul class=\"wp-block-list\"><li><strong>Sljede\u0107e nedjelje slavimo\nNedjelju Pedesetnice &#8211; Duhove. Zavr\u0161etak je vazmenog ciklusa crkvene ili\nliturgijske godine. Nakon svetih misa sakupljat \u0107emo nov\u010dane priloge za obnovu\nKu\u0107e susreta Tabor u Samoboru. Susret Mjesnoga bratstva OFS-a bit \u0107e u 16:30\nsati.<\/strong><\/li><\/ul>\n\n\n\n<ul class=\"wp-block-list\"><li><strong>Molimo sve vas koji jo\u0161 nemate\n\u017eupnu obiteljsku knji\u017eicu ili je potrebno upisati promjene u postoje\u0107e, da se\njavite u \u017eupni ured. <\/strong><\/li><\/ul>\n\n\n\n<ul class=\"wp-block-list\"><li><strong>Kupujte i \u010ditajte vjerski tisak. <\/strong><\/li><\/ul>\n\n\n\n<p><\/p>\n","protected":false},"excerpt":{"rendered":"<p>Danas slavimo sedmu vazmenu nedjelju. Prva je nedjelja u mjesecu kada se svojim molitvama i nov\u010danim prilozima sje\u0107amo na\u0161ih sjemeni\u0161ta te molimo za duhovna zvanja. Gosti na\u0161e \u017eupe \u010dlanovi su Hrvatskoga pjeva\u010dkog dru\u0161tva \u201eGrani\u010dar\u201c iz Nove Gradi\u0161ke koji \u0107e pjevati pod svetom misom u 11:00 sati. Sutra je biblijski sat nakon ve\u010dernje svete mise. U <a href=\"https:\/\/svetaobitelj.hr\/?p=883\" class=\"more-link\">[&hellip;]<\/a><\/p>\n","protected":false},"author":2,"featured_media":0,"comment_status":"closed","ping_status":"closed","sticky":false,"template":"","format":"standard","meta":{"footnotes":""},"categories":[3],"tags":[],"class_list":["entry","author-","post-883","post","type-post","status-publish","format-standard","category-zupa"],"_links":{"self":[{"href":"https:\/\/svetaobitelj.hr\/index.php?rest_route=\/wp\/v2\/posts\/883","targetHints":{"allow":["GET"]}}],"collection":[{"href":"https:\/\/svetaobitelj.hr\/index.php?rest_route=\/wp\/v2\/posts"}],"about":[{"href":"https:\/\/svetaobitelj.hr\/index.php?rest_route=\/wp\/v2\/types\/post"}],"author":[{"embeddable":true,"href":"https:\/\/svetaobitelj.hr\/index.php?rest_route=\/wp\/v2\/users\/2"}],"replies":[{"embeddable":true,"href":"https:\/\/svetaobitelj.hr\/index.php?rest_route=%2Fwp%2Fv2%2Fcomments&post=883"}],"version-history":[{"count":1,"href":"https:\/\/svetaobitelj.hr\/index.php?rest_route=\/wp\/v2\/posts\/883\/revisions"}],"predecessor-version":[{"id":884,"href":"https:\/\/svetaobitelj.hr\/index.php?rest_route=\/wp\/v2\/posts\/883\/revisions\/884"}],"wp:attachment":[{"href":"https:\/\/svetaobitelj.hr\/index.php?rest_route=%2Fwp%2Fv2%2Fmedia&parent=883"}],"wp:term":[{"taxonomy":"category","embeddable":true,"href":"https:\/\/svetaobitelj.hr\/index.php?rest_route=%2Fwp%2Fv2%2Fcategories&post=883"},{"taxonomy":"post_tag","embeddable":true,"href":"https:\/\/svetaobitelj.hr\/index.php?rest_route=%2Fwp%2Fv2%2Ftags&post=883"}],"curies":[{"name":"wp","href":"https:\/\/api.w.org\/{rel}","templated":true}]}}