{"id":874,"date":"2019-05-25T09:28:53","date_gmt":"2019-05-25T08:28:53","guid":{"rendered":"http:\/\/svetaobitelj.hr\/?p=874"},"modified":"2020-01-29T21:57:54","modified_gmt":"2020-01-29T20:57:54","slug":"zupne-obavijesti-6-vazmena-nedjelja","status":"publish","type":"post","link":"https:\/\/svetaobitelj.hr\/?p=874","title":{"rendered":"\u017dupne obavijesti: 6. vazmena nedjelja"},"content":{"rendered":"\n<ul class=\"wp-block-list\"><li><strong>Danas slavimo \u0161estu vazmenu\nnedjelju. U tijeku su izbori za Europski parlament.<\/strong><\/li><\/ul>\n\n\n\n<ul class=\"wp-block-list\"><li><strong>Sutra je biblijski sat nakon\nve\u010dernje svete mise. <\/strong><\/li><\/ul>\n\n\n\n<ul class=\"wp-block-list\"><li><strong>U utorak je pobo\u017enost na \u010dast sv.\nAntunu Padovanskom u 18:15 sati.<\/strong><\/li><\/ul>\n\n\n\n<ul class=\"wp-block-list\"><li><strong>U \u010detvrtak slavimo Uza\u0161a\u0161\u0107e\nGospodinovo \u2013 Spasovo. Svete mise su u 7:30 i 18:30 sati. Ujedno je i Dan na\u0161e\ngradske \u010detvrti Jug 2 pa \u0107emo pod ve\u010dernjom svetom misom moliti na tu nakanu.<\/strong><\/li><\/ul>\n\n\n\n<ul class=\"wp-block-list\"><li><strong>U petak je u 19:30 sati\ndobrotvorni koncert u na\u0161oj crkvi \u010dime \u017eelimo pomo\u0107i misiju u Boliviji gdje\ndjeluje fra Ivica Vrbi\u0107, kapucin. Vi\u0161e o koncertu imate na oglasnoj plo\u010di.<\/strong><\/li><\/ul>\n\n\n\n<ul class=\"wp-block-list\"><li><strong>U subotu slavimo obljetnicu\nposvete na\u0161e \u017eupne crkve. Svete mise su u 7:30 i 18:30 sati. U Vara\u017edinu je\nsusret crkvenih zborova na\u0161e Hrvatske franjeva\u010dke provincije sv. \u0106irila i\nMetoda na kojem sudjeluje i na\u0161 \u017eupni zbor. Ujedno je i prva subota u mjesecu\nkada pod ve\u010dernjom svetom misom molimo za duhovna zvanja, a nakon mise je\nklanjanje pred Presvetim.<\/strong><\/li><\/ul>\n\n\n\n<ul class=\"wp-block-list\"><li><strong>Sljede\u0107e nedjelje slavimo sedmu\nvazmenu nedjelju. Prva je nedjelja u mjesecu kada se svojim molitvama i\nnov\u010danim prilozima sje\u0107amo na\u0161ih sjemeni\u0161ta te molimo za duhovna zvanja. Pod\njutarnjom svetom misom molit \u0107emo za dobro\u010dinitelje na\u0161e crkve i samostana.\nGosti na\u0161e \u017eupe bit \u0107e \u010dlanovi Hrvatskoga pjeva\u010dkog dru\u0161tva \u201eGrani\u010dar\u201c iz Nove\nGradi\u0161ke koji \u0107e pjevati pod svetom misom u 11:00 sati.<\/strong><\/li><\/ul>\n\n\n\n<ul class=\"wp-block-list\"><li><strong>U subotu, 8. lipnja ove godine,\nimat \u0107emo \u017eupno hodo\u010da\u0161\u0107e Majci Milosti na Trsat. Zainteresirani neka se jave u\n\u017eupni ured. Cijena puta je 170 kn, a polazak \u0107e biti u 4:00 sata.<\/strong><\/li><\/ul>\n\n\n\n<ul class=\"wp-block-list\"><li><strong>Molimo sve vas koji jo\u0161 nemate\n\u017eupnu obiteljsku knji\u017eicu ili je potrebno upisati promjene u postoje\u0107e, da se\njavite u \u017eupni ured. <\/strong><\/li><\/ul>\n\n\n\n<ol class=\"wp-block-list\"><li><strong>Kupujte i \u010ditajte vjerski tisak. <\/strong><\/li><\/ol>\n","protected":false},"excerpt":{"rendered":"<p>Danas slavimo \u0161estu vazmenu nedjelju. U tijeku su izbori za Europski parlament. Sutra je biblijski sat nakon ve\u010dernje svete mise. U utorak je pobo\u017enost na \u010dast sv. Antunu Padovanskom u 18:15 sati. U \u010detvrtak slavimo Uza\u0161a\u0161\u0107e Gospodinovo \u2013 Spasovo. Svete mise su u 7:30 i 18:30 sati. Ujedno je i Dan na\u0161e gradske \u010detvrti Jug <a href=\"https:\/\/svetaobitelj.hr\/?p=874\" class=\"more-link\">[&hellip;]<\/a><\/p>\n","protected":false},"author":2,"featured_media":0,"comment_status":"closed","ping_status":"closed","sticky":false,"template":"","format":"standard","meta":{"footnotes":""},"categories":[3],"tags":[],"class_list":["entry","author-","post-874","post","type-post","status-publish","format-standard","category-zupa"],"_links":{"self":[{"href":"https:\/\/svetaobitelj.hr\/index.php?rest_route=\/wp\/v2\/posts\/874","targetHints":{"allow":["GET"]}}],"collection":[{"href":"https:\/\/svetaobitelj.hr\/index.php?rest_route=\/wp\/v2\/posts"}],"about":[{"href":"https:\/\/svetaobitelj.hr\/index.php?rest_route=\/wp\/v2\/types\/post"}],"author":[{"embeddable":true,"href":"https:\/\/svetaobitelj.hr\/index.php?rest_route=\/wp\/v2\/users\/2"}],"replies":[{"embeddable":true,"href":"https:\/\/svetaobitelj.hr\/index.php?rest_route=%2Fwp%2Fv2%2Fcomments&post=874"}],"version-history":[{"count":1,"href":"https:\/\/svetaobitelj.hr\/index.php?rest_route=\/wp\/v2\/posts\/874\/revisions"}],"predecessor-version":[{"id":875,"href":"https:\/\/svetaobitelj.hr\/index.php?rest_route=\/wp\/v2\/posts\/874\/revisions\/875"}],"wp:attachment":[{"href":"https:\/\/svetaobitelj.hr\/index.php?rest_route=%2Fwp%2Fv2%2Fmedia&parent=874"}],"wp:term":[{"taxonomy":"category","embeddable":true,"href":"https:\/\/svetaobitelj.hr\/index.php?rest_route=%2Fwp%2Fv2%2Fcategories&post=874"},{"taxonomy":"post_tag","embeddable":true,"href":"https:\/\/svetaobitelj.hr\/index.php?rest_route=%2Fwp%2Fv2%2Ftags&post=874"}],"curies":[{"name":"wp","href":"https:\/\/api.w.org\/{rel}","templated":true}]}}