{"id":867,"date":"2019-05-18T13:04:42","date_gmt":"2019-05-18T12:04:42","guid":{"rendered":"http:\/\/svetaobitelj.hr\/?p=867"},"modified":"2020-01-29T21:57:54","modified_gmt":"2020-01-29T20:57:54","slug":"hod-za-zivot","status":"publish","type":"post","link":"https:\/\/svetaobitelj.hr\/?p=867","title":{"rendered":"Hod za \u017eivot"},"content":{"rendered":"\n<figure class=\"wp-block-image\"><img loading=\"lazy\" decoding=\"async\" width=\"1024\" height=\"1024\" src=\"http:\/\/svetaobitelj.hr\/wp-content\/uploads\/2019\/05\/slika-2-1024x1024.jpg\" alt=\"\" class=\"wp-image-868\" srcset=\"https:\/\/svetaobitelj.hr\/wp-content\/uploads\/2019\/05\/slika-2-1024x1024.jpg 1024w, https:\/\/svetaobitelj.hr\/wp-content\/uploads\/2019\/05\/slika-2-150x150.jpg 150w, https:\/\/svetaobitelj.hr\/wp-content\/uploads\/2019\/05\/slika-2-300x300.jpg 300w, https:\/\/svetaobitelj.hr\/wp-content\/uploads\/2019\/05\/slika-2-768x768.jpg 768w, https:\/\/svetaobitelj.hr\/wp-content\/uploads\/2019\/05\/slika-2.jpg 1920w\" sizes=\"auto, (max-width: 1024px) 100vw, 1024px\" \/><\/figure>\n\n\n\n<figure class=\"wp-block-image\"><img loading=\"lazy\" decoding=\"async\" width=\"1024\" height=\"1024\" src=\"http:\/\/svetaobitelj.hr\/wp-content\/uploads\/2019\/05\/slika1-1024x1024.jpg\" alt=\"\" class=\"wp-image-869\" srcset=\"https:\/\/svetaobitelj.hr\/wp-content\/uploads\/2019\/05\/slika1-1024x1024.jpg 1024w, https:\/\/svetaobitelj.hr\/wp-content\/uploads\/2019\/05\/slika1-150x150.jpg 150w, https:\/\/svetaobitelj.hr\/wp-content\/uploads\/2019\/05\/slika1-300x300.jpg 300w, https:\/\/svetaobitelj.hr\/wp-content\/uploads\/2019\/05\/slika1-768x768.jpg 768w, https:\/\/svetaobitelj.hr\/wp-content\/uploads\/2019\/05\/slika1.jpg 1920w\" sizes=\"auto, (max-width: 1024px) 100vw, 1024px\" \/><\/figure>\n\n\n\n<p>U subotu, 18. svibnja odr\u017ean je prvi hod za \u017eivot u Osijeku, pod geslom &#8220;Za\u0161titimo najugro\u017eeniju manjinu u Hrvatskoj &#8211; nero\u0111enu djecu&#8221;. Nakon okupljanja na Zrinjevcu, kolona se uputila prema Trgu Ante Star\u010devi\u0107a, gdje je odr\u017ean prigodan program uz govore i glazbu. I na\u0161i \u017eupljani nazo\u010dili su hodu&#8230;<\/p>\n\n\n\n<p><\/p>\n","protected":false},"excerpt":{"rendered":"<p>U subotu, 18. svibnja odr\u017ean je prvi hod za \u017eivot u Osijeku, pod geslom &#8220;Za\u0161titimo najugro\u017eeniju manjinu u Hrvatskoj &#8211; nero\u0111enu djecu&#8221;. Nakon okupljanja na Zrinjevcu, kolona se uputila prema Trgu Ante Star\u010devi\u0107a, gdje je odr\u017ean prigodan program uz govore i glazbu. I na\u0161i \u017eupljani nazo\u010dili su hodu&#8230;<\/p>\n","protected":false},"author":2,"featured_media":0,"comment_status":"closed","ping_status":"closed","sticky":false,"template":"","format":"standard","meta":{"footnotes":""},"categories":[3],"tags":[],"class_list":["entry","author-","post-867","post","type-post","status-publish","format-standard","category-zupa"],"_links":{"self":[{"href":"https:\/\/svetaobitelj.hr\/index.php?rest_route=\/wp\/v2\/posts\/867","targetHints":{"allow":["GET"]}}],"collection":[{"href":"https:\/\/svetaobitelj.hr\/index.php?rest_route=\/wp\/v2\/posts"}],"about":[{"href":"https:\/\/svetaobitelj.hr\/index.php?rest_route=\/wp\/v2\/types\/post"}],"author":[{"embeddable":true,"href":"https:\/\/svetaobitelj.hr\/index.php?rest_route=\/wp\/v2\/users\/2"}],"replies":[{"embeddable":true,"href":"https:\/\/svetaobitelj.hr\/index.php?rest_route=%2Fwp%2Fv2%2Fcomments&post=867"}],"version-history":[{"count":3,"href":"https:\/\/svetaobitelj.hr\/index.php?rest_route=\/wp\/v2\/posts\/867\/revisions"}],"predecessor-version":[{"id":872,"href":"https:\/\/svetaobitelj.hr\/index.php?rest_route=\/wp\/v2\/posts\/867\/revisions\/872"}],"wp:attachment":[{"href":"https:\/\/svetaobitelj.hr\/index.php?rest_route=%2Fwp%2Fv2%2Fmedia&parent=867"}],"wp:term":[{"taxonomy":"category","embeddable":true,"href":"https:\/\/svetaobitelj.hr\/index.php?rest_route=%2Fwp%2Fv2%2Fcategories&post=867"},{"taxonomy":"post_tag","embeddable":true,"href":"https:\/\/svetaobitelj.hr\/index.php?rest_route=%2Fwp%2Fv2%2Ftags&post=867"}],"curies":[{"name":"wp","href":"https:\/\/api.w.org\/{rel}","templated":true}]}}