{"id":864,"date":"2019-05-18T12:51:02","date_gmt":"2019-05-18T11:51:02","guid":{"rendered":"http:\/\/svetaobitelj.hr\/?p=864"},"modified":"2020-01-29T21:58:04","modified_gmt":"2020-01-29T20:58:04","slug":"zupne-obavijesti-5-vazmena-nedjelja","status":"publish","type":"post","link":"https:\/\/svetaobitelj.hr\/?p=864","title":{"rendered":"\u017dupne obavijesti: 5. vazmena nedjelja"},"content":{"rendered":"\n<ul class=\"wp-block-list\"><li><strong>Danas slavimo petu vazmenu\nnedjelju. Nakon svetih misa skupljamo nov\u010dane priloge za obnovu Ku\u0107e susreta\nTabor u Samoboru. Redoviti susret \u010dlanova Mjesnoga bratstva OFS-a je u 16:30\nsati.<\/strong><\/li><\/ul>\n\n\n\n<ul class=\"wp-block-list\"><li><strong>Sutra je biblijski sat nakon\nve\u010dernje svete mise. U Vikarijatu je \u201eBiblijsko-molitvena ve\u010der\u201c pod vodstvom\nvl\u010d. Kre\u0161imira Bulata s po\u010detkom u 19:30 sati.<\/strong><\/li><\/ul>\n\n\n\n<ul class=\"wp-block-list\"><li><strong>U utorak je pobo\u017enost na \u010dast sv.\nAntunu Padovanskom u 18:15 sati, a susret \u010dlanova Sch\u00f6nstatske obitelji je\nnakon ve\u010dernje svete mise. U Vikarijatu je s po\u010detkom u 19:30 sati\npredstavljanje zbornika \u201eMisaona popudbina Tome Vere\u0161a\u201c u organizaciji Udruge\nkatoli\u010dkih intelektualaca, Ogranka Matice hrvatske Osijek te Instituta za novu\nevangelizaciju.<\/strong><\/li><\/ul>\n\n\n\n<ul class=\"wp-block-list\"><li><strong>U srijedu je molitveno-katehetski\nsusret za starije od 35 godina kojeg vodi p. Sebastijan \u0160ujevi\u0107, a tema susreta\nje \u201eDuh svjedo\u010di\u201c.<\/strong><\/li><\/ul>\n\n\n\n<ul class=\"wp-block-list\"><li><strong>U \u010detvrtak je nakon ve\u010dernje\nsvete mise klanjanje pred Presvetim.<\/strong><\/li><\/ul>\n\n\n\n<ul class=\"wp-block-list\"><li><strong>U subotu, s po\u010detkom u 14:00\nsati, \u010dlanovi Odbora za karitativnu djelatnost pri \u017dPV-u pozivaju na novi\nsusret usamljenih i starijih osoba iz na\u0161e \u017eupe u vjeronau\u010dnu dvoranu. Ovi\nsusreti su osmi\u0161ljeni da molitvom i dru\u017eenjem provedemo zajedni\u010dke trenutke. <\/strong><\/li><\/ul>\n\n\n\n<ul class=\"wp-block-list\"><li><strong>Prema preporuci Hrvatske\nbiskupske konferencije, svaka \u017eupa pozvana je od Blagovijesti pa do Bo\u017ei\u0107a\nmoliti devetnicu pod nazivom \u201eHrvatska moli za \u017eivot\u201c. Na\u0161 nas nadbiskup poziva\nda i u \u017eupama na\u0161e nadbiskupije molimo na tu nakanu svakog 25. u mjesecu\ntijekom devet mjeseci. U na\u0161oj \u017eupi molimo prije ve\u010dernje svete mise u 18:30\nsati O\u010de na\u0161, 3 x Zdravo Marijo, Slava Ocu te molitve za \u017eivot pape Benedikta\nXVI i sv. pape Ivana Pavla II. Nakon toga slijedi sveta misa pod kojom molimo u\nmolitvi vjernika da na\u0161 narod postane narod \u017eivota, a na kraju svete mise bit\n\u0107e blagoslov trudnica. Nadamo se da \u0107emo kao \u017eupljani i&nbsp; vjernici sudjelovati u ovim molitvama ove\nsubote. <\/strong><\/li><\/ul>\n\n\n\n<ul class=\"wp-block-list\"><li><strong>Sljede\u0107e nedjelje slavimo \u0161estu\nvazmenu nedjelju. <\/strong><\/li><\/ul>\n\n\n\n<ul class=\"wp-block-list\"><li><strong>U subotu, 8. lipnja ove godine,\nimat \u0107emo \u017eupno hodo\u010da\u0161\u0107e Majci Milosti na Trsat. Zainteresirani neka se jave u\n\u017eupni ured. Cijena puta je 170 kn, a polazak \u0107e biti u 4:00 sata.<\/strong><\/li><\/ul>\n\n\n\n<ul class=\"wp-block-list\"><li><strong>Molimo sve vas koji jo\u0161 nemate\n\u017eupnu knji\u017eicu ili je potrebno upisati promjene u postoje\u0107e, da se javite u\n\u017eupni ured. Kupujte i \u010ditajte vjerski tisak. <\/strong><\/li><\/ul>\n","protected":false},"excerpt":{"rendered":"<p>Danas slavimo petu vazmenu nedjelju. Nakon svetih misa skupljamo nov\u010dane priloge za obnovu Ku\u0107e susreta Tabor u Samoboru. Redoviti susret \u010dlanova Mjesnoga bratstva OFS-a je u 16:30 sati. Sutra je biblijski sat nakon ve\u010dernje svete mise. U Vikarijatu je \u201eBiblijsko-molitvena ve\u010der\u201c pod vodstvom vl\u010d. Kre\u0161imira Bulata s po\u010detkom u 19:30 sati. U utorak je pobo\u017enost <a href=\"https:\/\/svetaobitelj.hr\/?p=864\" class=\"more-link\">[&hellip;]<\/a><\/p>\n","protected":false},"author":2,"featured_media":0,"comment_status":"closed","ping_status":"closed","sticky":false,"template":"","format":"standard","meta":{"footnotes":""},"categories":[3],"tags":[],"class_list":["entry","author-","post-864","post","type-post","status-publish","format-standard","category-zupa"],"_links":{"self":[{"href":"https:\/\/svetaobitelj.hr\/index.php?rest_route=\/wp\/v2\/posts\/864","targetHints":{"allow":["GET"]}}],"collection":[{"href":"https:\/\/svetaobitelj.hr\/index.php?rest_route=\/wp\/v2\/posts"}],"about":[{"href":"https:\/\/svetaobitelj.hr\/index.php?rest_route=\/wp\/v2\/types\/post"}],"author":[{"embeddable":true,"href":"https:\/\/svetaobitelj.hr\/index.php?rest_route=\/wp\/v2\/users\/2"}],"replies":[{"embeddable":true,"href":"https:\/\/svetaobitelj.hr\/index.php?rest_route=%2Fwp%2Fv2%2Fcomments&post=864"}],"version-history":[{"count":2,"href":"https:\/\/svetaobitelj.hr\/index.php?rest_route=\/wp\/v2\/posts\/864\/revisions"}],"predecessor-version":[{"id":866,"href":"https:\/\/svetaobitelj.hr\/index.php?rest_route=\/wp\/v2\/posts\/864\/revisions\/866"}],"wp:attachment":[{"href":"https:\/\/svetaobitelj.hr\/index.php?rest_route=%2Fwp%2Fv2%2Fmedia&parent=864"}],"wp:term":[{"taxonomy":"category","embeddable":true,"href":"https:\/\/svetaobitelj.hr\/index.php?rest_route=%2Fwp%2Fv2%2Fcategories&post=864"},{"taxonomy":"post_tag","embeddable":true,"href":"https:\/\/svetaobitelj.hr\/index.php?rest_route=%2Fwp%2Fv2%2Ftags&post=864"}],"curies":[{"name":"wp","href":"https:\/\/api.w.org\/{rel}","templated":true}]}}