{"id":857,"date":"2019-05-12T19:00:51","date_gmt":"2019-05-12T18:00:51","guid":{"rendered":"http:\/\/svetaobitelj.hr\/?p=857"},"modified":"2020-01-29T21:58:04","modified_gmt":"2020-01-29T20:58:04","slug":"zupne-obavijesti-4-vazmena-nedjelja","status":"publish","type":"post","link":"https:\/\/svetaobitelj.hr\/?p=857","title":{"rendered":"\u017dupne obavijesti: 4. vazmena nedjelja"},"content":{"rendered":"\n<ul class=\"wp-block-list\"><li><strong>Danas slavimo \u010detvrtu vazmenu\nnedjelju koja je ujedno i Nedjelja Dobrog Pastira kada molimo za duhovna\nzvanja. Druga je nedjelja u svibnju te&nbsp;\nslavimo i Maj\u010din dan.<\/strong><\/li><\/ul>\n\n\n\n<ul class=\"wp-block-list\"><li><strong>Sutra je biblijski sat nakon\nve\u010dernje svete mise.<\/strong><\/li><\/ul>\n\n\n\n<ul class=\"wp-block-list\"><li><strong>U utorak je pobo\u017enost na \u010dast sv.\nAntunu Padovanskom u 18:15 sati.<\/strong><\/li><\/ul>\n\n\n\n<ul class=\"wp-block-list\"><li><strong>U srijedu je redoviti sastanak\n\u017dupnog pastoralnog vije\u0107a i \u017dupnog ekonomskog vije\u0107a u 19:30 sati. <\/strong><\/li><\/ul>\n\n\n\n<ul class=\"wp-block-list\"><li><strong>U \u010detvrtak je nakon ve\u010dernje\nsvete mise klanjanje pred Presvetim.<\/strong><\/li><\/ul>\n\n\n\n<ul class=\"wp-block-list\"><li><strong>Sljede\u0107e nedjelje slavimo petu\nvazmenu nedjelju. Nakon svetih misa skupljat \u0107emo nov\u010dane priloge za obnovu\nKu\u0107e susreta Tabor u Samoboru. Redoviti susret \u010dlanova Mjesnoga bratstva OFS-a\nbit \u0107e u 16:30 sati.<\/strong><\/li><\/ul>\n\n\n\n<ul class=\"wp-block-list\"><li><strong>Molimo sve vas koji jo\u0161 nemate\n\u017eupnu knji\u017eicu ili je potrebno upisati promjene u postoje\u0107e, da se javite u\n\u017eupni ured. Mnogi tra\u017ee posvjedo\u010denja za kumovanje i sli\u010dne dokumente, govore\nda su iz na\u0161e \u017dupe, a nemamo nikakvih podataka o njima preko \u017eupnih obiteljskih\nknji\u017eica ili da primaju blagoslov obitelji. Isto je tako i kod prijavljivanja\nza kr\u0161tenja, sprovode&#8230;<\/strong><\/li><\/ul>\n\n\n\n<ul class=\"wp-block-list\"><li><strong>Kupujte i \u010ditajte vjerski tisak. <\/strong><\/li><\/ul>\n","protected":false},"excerpt":{"rendered":"<p>Danas slavimo \u010detvrtu vazmenu nedjelju koja je ujedno i Nedjelja Dobrog Pastira kada molimo za duhovna zvanja. Druga je nedjelja u svibnju te&nbsp; slavimo i Maj\u010din dan. Sutra je biblijski sat nakon ve\u010dernje svete mise. U utorak je pobo\u017enost na \u010dast sv. Antunu Padovanskom u 18:15 sati. U srijedu je redoviti sastanak \u017dupnog pastoralnog vije\u0107a <a href=\"https:\/\/svetaobitelj.hr\/?p=857\" class=\"more-link\">[&hellip;]<\/a><\/p>\n","protected":false},"author":2,"featured_media":0,"comment_status":"closed","ping_status":"closed","sticky":false,"template":"","format":"standard","meta":{"footnotes":""},"categories":[3],"tags":[],"class_list":["entry","author-","post-857","post","type-post","status-publish","format-standard","category-zupa"],"_links":{"self":[{"href":"https:\/\/svetaobitelj.hr\/index.php?rest_route=\/wp\/v2\/posts\/857","targetHints":{"allow":["GET"]}}],"collection":[{"href":"https:\/\/svetaobitelj.hr\/index.php?rest_route=\/wp\/v2\/posts"}],"about":[{"href":"https:\/\/svetaobitelj.hr\/index.php?rest_route=\/wp\/v2\/types\/post"}],"author":[{"embeddable":true,"href":"https:\/\/svetaobitelj.hr\/index.php?rest_route=\/wp\/v2\/users\/2"}],"replies":[{"embeddable":true,"href":"https:\/\/svetaobitelj.hr\/index.php?rest_route=%2Fwp%2Fv2%2Fcomments&post=857"}],"version-history":[{"count":1,"href":"https:\/\/svetaobitelj.hr\/index.php?rest_route=\/wp\/v2\/posts\/857\/revisions"}],"predecessor-version":[{"id":858,"href":"https:\/\/svetaobitelj.hr\/index.php?rest_route=\/wp\/v2\/posts\/857\/revisions\/858"}],"wp:attachment":[{"href":"https:\/\/svetaobitelj.hr\/index.php?rest_route=%2Fwp%2Fv2%2Fmedia&parent=857"}],"wp:term":[{"taxonomy":"category","embeddable":true,"href":"https:\/\/svetaobitelj.hr\/index.php?rest_route=%2Fwp%2Fv2%2Fcategories&post=857"},{"taxonomy":"post_tag","embeddable":true,"href":"https:\/\/svetaobitelj.hr\/index.php?rest_route=%2Fwp%2Fv2%2Ftags&post=857"}],"curies":[{"name":"wp","href":"https:\/\/api.w.org\/{rel}","templated":true}]}}