{"id":852,"date":"2019-05-04T14:30:08","date_gmt":"2019-05-04T13:30:08","guid":{"rendered":"http:\/\/svetaobitelj.hr\/?p=852"},"modified":"2020-01-29T21:58:04","modified_gmt":"2020-01-29T20:58:04","slug":"slavlje-sv-potvrde","status":"publish","type":"post","link":"https:\/\/svetaobitelj.hr\/?p=852","title":{"rendered":"Slavlje sv. Potvrde"},"content":{"rendered":"\n<figure class=\"wp-block-image\"><img loading=\"lazy\" decoding=\"async\" width=\"1024\" height=\"1024\" src=\"http:\/\/svetaobitelj.hr\/wp-content\/uploads\/2019\/05\/slika-1024x1024.jpg\" alt=\"\" class=\"wp-image-853\" srcset=\"https:\/\/svetaobitelj.hr\/wp-content\/uploads\/2019\/05\/slika-1024x1024.jpg 1024w, https:\/\/svetaobitelj.hr\/wp-content\/uploads\/2019\/05\/slika-150x150.jpg 150w, https:\/\/svetaobitelj.hr\/wp-content\/uploads\/2019\/05\/slika-300x300.jpg 300w, https:\/\/svetaobitelj.hr\/wp-content\/uploads\/2019\/05\/slika-768x768.jpg 768w, https:\/\/svetaobitelj.hr\/wp-content\/uploads\/2019\/05\/slika.jpg 1920w\" sizes=\"auto, (max-width: 1024px) 100vw, 1024px\" \/><\/figure>\n\n\n\n<p>Dana 04. svibnja 2019 u na\u0161oj \u017eupi podjeljen je sakrament sv. Potvrde pod svetom misom u 11 sati. Djelitelj je bio pre\u010dasni Drago Tukara, kanonik, a pe\u010dat dara Duha Svetoga primilo je sedamdeset i troje krizmanika.<\/p>\n\n\n\n<p>Oboga\u0107enje na\u0161e \u017eupne zajednice punoljetnim kr\u0161\u0107anima ohrabruje nas sve   da nastavimo kro\u010diti Bo\u017ejim putem , znaju\u0107i da ima mladih spremnih slijediti i svjedo\u010diti Krista i kada nas jednom ne bude.<\/p>\n\n\n\n<p>Od srca \u010destitamo na sakramentu Potvrde, Ljubav vas je dovela do Krista!<\/p>\n","protected":false},"excerpt":{"rendered":"<p>Dana 04. svibnja 2019 u na\u0161oj \u017eupi podjeljen je sakrament sv. Potvrde pod svetom misom u 11 sati. Djelitelj je bio pre\u010dasni Drago Tukara, kanonik, a pe\u010dat dara Duha Svetoga primilo je sedamdeset i troje krizmanika. Oboga\u0107enje na\u0161e \u017eupne zajednice punoljetnim kr\u0161\u0107anima ohrabruje nas sve da nastavimo kro\u010diti Bo\u017ejim putem , znaju\u0107i da ima mladih <a href=\"https:\/\/svetaobitelj.hr\/?p=852\" class=\"more-link\">[&hellip;]<\/a><\/p>\n","protected":false},"author":2,"featured_media":0,"comment_status":"closed","ping_status":"closed","sticky":false,"template":"","format":"standard","meta":{"footnotes":""},"categories":[3],"tags":[],"class_list":["entry","author-","post-852","post","type-post","status-publish","format-standard","category-zupa"],"_links":{"self":[{"href":"https:\/\/svetaobitelj.hr\/index.php?rest_route=\/wp\/v2\/posts\/852","targetHints":{"allow":["GET"]}}],"collection":[{"href":"https:\/\/svetaobitelj.hr\/index.php?rest_route=\/wp\/v2\/posts"}],"about":[{"href":"https:\/\/svetaobitelj.hr\/index.php?rest_route=\/wp\/v2\/types\/post"}],"author":[{"embeddable":true,"href":"https:\/\/svetaobitelj.hr\/index.php?rest_route=\/wp\/v2\/users\/2"}],"replies":[{"embeddable":true,"href":"https:\/\/svetaobitelj.hr\/index.php?rest_route=%2Fwp%2Fv2%2Fcomments&post=852"}],"version-history":[{"count":1,"href":"https:\/\/svetaobitelj.hr\/index.php?rest_route=\/wp\/v2\/posts\/852\/revisions"}],"predecessor-version":[{"id":854,"href":"https:\/\/svetaobitelj.hr\/index.php?rest_route=\/wp\/v2\/posts\/852\/revisions\/854"}],"wp:attachment":[{"href":"https:\/\/svetaobitelj.hr\/index.php?rest_route=%2Fwp%2Fv2%2Fmedia&parent=852"}],"wp:term":[{"taxonomy":"category","embeddable":true,"href":"https:\/\/svetaobitelj.hr\/index.php?rest_route=%2Fwp%2Fv2%2Fcategories&post=852"},{"taxonomy":"post_tag","embeddable":true,"href":"https:\/\/svetaobitelj.hr\/index.php?rest_route=%2Fwp%2Fv2%2Ftags&post=852"}],"curies":[{"name":"wp","href":"https:\/\/api.w.org\/{rel}","templated":true}]}}