{"id":842,"date":"2019-05-04T08:52:02","date_gmt":"2019-05-04T07:52:02","guid":{"rendered":"http:\/\/svetaobitelj.hr\/?p=842"},"modified":"2020-01-29T21:58:04","modified_gmt":"2020-01-29T20:58:04","slug":"zupne-obavijesti-3-vazmena-nedjelja","status":"publish","type":"post","link":"https:\/\/svetaobitelj.hr\/?p=842","title":{"rendered":"\u017dupne obavijesti: 3. vazmena nedjelja"},"content":{"rendered":"<ul>\n<li>\u00a0Danas slavimo tre\u0107u vazmenu nedjelju. Prva je nedjelja u mjesecu kada se svojim molitvama i nov\u010danim prilozima sje\u0107amo na\u0161ih sjemeni\u0161ta te molimo za duhovna zvanja. Redoviti sastanak \u010dlanova Mjesnoga bratstva OFS-a bit \u0107e u 16:30 sati.<\/li>\n<li>Sutra je biblijski sat nakon ve\u010dernje svete mise.<\/li>\n<li>\u00a0U utorak je pobo\u017enost na \u010dast sv. Antunu Padovanskom u 18:15 sati.<\/li>\n<li>\u00a0U srijedu je u Vikarijatu u 19:30 sati molitveno-katehetski susret za starije od 35 godina kojeg vodi p. Sebastijan \u0160ujevi\u0107 s temom \u201eVjetar Bo\u017eji\u201c.<\/li>\n<li>\u00a0U \u010detvrtak je pobo\u017enost na \u010dast bl. Mariji Petkovi\u0107 u 18:15, a nakon ve\u010dernje svete mise klanjanje je pred Presvetim.<\/li>\n<li>U petak slavimo Gospu Trsatsku, za\u0161titnicu na\u0161e Hrvatske franjeva\u010dke provincije sv. \u0106irila i Metoda.<\/li>\n<li>Sljede\u0107e nedjelje slavimo \u010detvrtu vazmenu nedjelju koja je ujedno i Nedjelja Dobrog Pastira kada molimo za duhovna zvanja. Pod svetom misom u 11:00 sati slavlje je Prve Pri\u010desti.<\/li>\n<li>\u00a0U subotu, 18. svibnja 2019. u Osijeku se odr\u017eava prvi \u201eHod za \u017eivot\u201c pod geslom \u201eZa\u0161titimo najugro\u017eeniju manjinu u Hrvatskoj \u2013 nero\u0111enu djecu!\u201c. Okupljanje \u0107e zapo\u010deti na Zrinjevcu u 10 sati. Pozivamo vas da u znak podr\u0161ke svakom nero\u0111enom djetetu, njegovu ocu i majci, sa svojom obitelji i prijateljima sudjelujete u \u201eHodu za \u017eivot\u201c. Vi\u0161e informacija mo\u017eete doznati i od volontera koji dijele informativne letke te majice kojima mo\u017eete dati i dragovoljne priloge za pokrivanje tro\u0161kova organizacije Hoda.<br \/>\nKao kr\u0161\u0107ani pozvani smo \u010duvati i \u0161tititi svaki za\u010deti \u017eivot kao najve\u0107e blago i budu\u0107nost na\u0161ega naroda. Svako dijete \u2013 ro\u0111eno i ono koje jo\u0161 raste u tijelu svoje majke \u2013 ima pravo na \u017eivot i rast do prirodne smrti. Zato mo\u017eemo i trebamo podr\u017eati za\u0161titu prava na \u017eivot svakog \u010dovjeka, a osobito onih najslabijih te di\u0107i svoj glas protiv kr\u0161enja temeljnog ljudskog prava \u2013 prava na \u017eivot.<br \/>\nPoslije okupljanja u parku Zrinjevac, sudionici \u0107e u povorci u 11 sati krenuti Slavi\u010dekovom ulicom do Ulice Hrvatske Republike te \u017dupanijskom ulicom do Trga Ante Star\u010devi\u0107a, gdje \u0107e se odr\u017eati prigodni program. Na \u201eHod za \u017eivot\u201c pozvane su obitelji s djecom, mladi, stari i svi koji \u017eele dati podr\u0161ku nero\u0111enoj djeci te njihovim majkama i o\u010devima.<\/li>\n<li>\u00a0Molimo sve vas koji jo\u0161 nemate \u017eupnu obiteljsku knji\u017eicu ili je potrebno upisati promjene u postoje\u0107e, da se javite u \u017eupni ured.<\/li>\n<li>\u00a0Kupujte i \u010ditajte vjerski tisak.<\/li>\n<\/ul>\n","protected":false},"excerpt":{"rendered":"<p>\u00a0Danas slavimo tre\u0107u vazmenu nedjelju. Prva je nedjelja u mjesecu kada se svojim molitvama i nov\u010danim prilozima sje\u0107amo na\u0161ih sjemeni\u0161ta te molimo za duhovna zvanja. Redoviti sastanak \u010dlanova Mjesnoga bratstva OFS-a bit \u0107e u 16:30 sati. Sutra je biblijski sat nakon ve\u010dernje svete mise. \u00a0U utorak je pobo\u017enost na \u010dast sv. Antunu Padovanskom u 18:15 <a href=\"https:\/\/svetaobitelj.hr\/?p=842\" class=\"more-link\">[&hellip;]<\/a><\/p>\n","protected":false},"author":2,"featured_media":0,"comment_status":"closed","ping_status":"closed","sticky":false,"template":"","format":"standard","meta":{"footnotes":""},"categories":[3],"tags":[],"class_list":["entry","author-","post-842","post","type-post","status-publish","format-standard","category-zupa"],"_links":{"self":[{"href":"https:\/\/svetaobitelj.hr\/index.php?rest_route=\/wp\/v2\/posts\/842","targetHints":{"allow":["GET"]}}],"collection":[{"href":"https:\/\/svetaobitelj.hr\/index.php?rest_route=\/wp\/v2\/posts"}],"about":[{"href":"https:\/\/svetaobitelj.hr\/index.php?rest_route=\/wp\/v2\/types\/post"}],"author":[{"embeddable":true,"href":"https:\/\/svetaobitelj.hr\/index.php?rest_route=\/wp\/v2\/users\/2"}],"replies":[{"embeddable":true,"href":"https:\/\/svetaobitelj.hr\/index.php?rest_route=%2Fwp%2Fv2%2Fcomments&post=842"}],"version-history":[{"count":3,"href":"https:\/\/svetaobitelj.hr\/index.php?rest_route=\/wp\/v2\/posts\/842\/revisions"}],"predecessor-version":[{"id":846,"href":"https:\/\/svetaobitelj.hr\/index.php?rest_route=\/wp\/v2\/posts\/842\/revisions\/846"}],"wp:attachment":[{"href":"https:\/\/svetaobitelj.hr\/index.php?rest_route=%2Fwp%2Fv2%2Fmedia&parent=842"}],"wp:term":[{"taxonomy":"category","embeddable":true,"href":"https:\/\/svetaobitelj.hr\/index.php?rest_route=%2Fwp%2Fv2%2Fcategories&post=842"},{"taxonomy":"post_tag","embeddable":true,"href":"https:\/\/svetaobitelj.hr\/index.php?rest_route=%2Fwp%2Fv2%2Ftags&post=842"}],"curies":[{"name":"wp","href":"https:\/\/api.w.org\/{rel}","templated":true}]}}