{"id":824,"date":"2019-04-28T19:05:34","date_gmt":"2019-04-28T18:05:34","guid":{"rendered":"http:\/\/svetaobitelj.hr\/?p=824"},"modified":"2020-01-29T21:58:04","modified_gmt":"2020-01-29T20:58:04","slug":"u-posjetu-nasem-fra-davoru","status":"publish","type":"post","link":"https:\/\/svetaobitelj.hr\/?p=824","title":{"rendered":"U posjetu na\u0161em fra Davoru"},"content":{"rendered":"\n<figure class=\"wp-block-image\"><img loading=\"lazy\" decoding=\"async\" width=\"1024\" height=\"1024\" src=\"http:\/\/svetaobitelj.hr\/wp-content\/uploads\/2019\/04\/slika-1-1024x1024.jpg\" alt=\"\" class=\"wp-image-825\" srcset=\"https:\/\/svetaobitelj.hr\/wp-content\/uploads\/2019\/04\/slika-1-1024x1024.jpg 1024w, https:\/\/svetaobitelj.hr\/wp-content\/uploads\/2019\/04\/slika-1-150x150.jpg 150w, https:\/\/svetaobitelj.hr\/wp-content\/uploads\/2019\/04\/slika-1-300x300.jpg 300w, https:\/\/svetaobitelj.hr\/wp-content\/uploads\/2019\/04\/slika-1-768x768.jpg 768w, https:\/\/svetaobitelj.hr\/wp-content\/uploads\/2019\/04\/slika-1.jpg 1920w\" sizes=\"auto, (max-width: 1024px) 100vw, 1024px\" \/><\/figure>\n\n\n\n<p>Ka\u017eu da kada je ne\u0161to daleko od o\u010diju, da je daleko i od srca \u0161to je u slu\u010daju na\u0161eg fra Davora apsolutno neto\u010dno. Iako nije s nama ve\u0107 duge dvije godine, imamo osje\u0107aj kao da nikada nije niti oti\u0161ao iz na\u0161e \u017eupe. Osim vidljivih tragova koje je ostavio u okupljanjima mladih, Frame, pa i nas ne\u0161to starijih itekako je vidljiva i ona duhovna ostav\u0161tina, njegov zarazni i iskreni smijeh kojim nas je okupljao oko sebe zajedno s tim velikim srcem punim ljubavi za svakoga od nas. Uistinu je bilo lijepo posjetiti ga u Bjelovaru gdje je ve\u0107 du\u017ee vrijeme i prisjetiti se svih lijepih zajedni\u010dkih trenutaka. Dao nam Bog jo\u0161 puno godina zajedno, da stvaramo nove uspomene u radosti dru\u017eenja. Dragi na\u0161 fra Davore, ma gdje bio znaj da te nosimo u srcu i molitvama.<\/p>\n","protected":false},"excerpt":{"rendered":"<p>Ka\u017eu da kada je ne\u0161to daleko od o\u010diju, da je daleko i od srca \u0161to je u slu\u010daju na\u0161eg fra Davora apsolutno neto\u010dno. Iako nije s nama ve\u0107 duge dvije godine, imamo osje\u0107aj kao da nikada nije niti oti\u0161ao iz na\u0161e \u017eupe. Osim vidljivih tragova koje je ostavio u okupljanjima mladih, Frame, pa i nas <a href=\"https:\/\/svetaobitelj.hr\/?p=824\" class=\"more-link\">[&hellip;]<\/a><\/p>\n","protected":false},"author":2,"featured_media":0,"comment_status":"closed","ping_status":"closed","sticky":false,"template":"","format":"standard","meta":{"footnotes":""},"categories":[3],"tags":[],"class_list":["entry","author-","post-824","post","type-post","status-publish","format-standard","category-zupa"],"_links":{"self":[{"href":"https:\/\/svetaobitelj.hr\/index.php?rest_route=\/wp\/v2\/posts\/824","targetHints":{"allow":["GET"]}}],"collection":[{"href":"https:\/\/svetaobitelj.hr\/index.php?rest_route=\/wp\/v2\/posts"}],"about":[{"href":"https:\/\/svetaobitelj.hr\/index.php?rest_route=\/wp\/v2\/types\/post"}],"author":[{"embeddable":true,"href":"https:\/\/svetaobitelj.hr\/index.php?rest_route=\/wp\/v2\/users\/2"}],"replies":[{"embeddable":true,"href":"https:\/\/svetaobitelj.hr\/index.php?rest_route=%2Fwp%2Fv2%2Fcomments&post=824"}],"version-history":[{"count":1,"href":"https:\/\/svetaobitelj.hr\/index.php?rest_route=\/wp\/v2\/posts\/824\/revisions"}],"predecessor-version":[{"id":826,"href":"https:\/\/svetaobitelj.hr\/index.php?rest_route=\/wp\/v2\/posts\/824\/revisions\/826"}],"wp:attachment":[{"href":"https:\/\/svetaobitelj.hr\/index.php?rest_route=%2Fwp%2Fv2%2Fmedia&parent=824"}],"wp:term":[{"taxonomy":"category","embeddable":true,"href":"https:\/\/svetaobitelj.hr\/index.php?rest_route=%2Fwp%2Fv2%2Fcategories&post=824"},{"taxonomy":"post_tag","embeddable":true,"href":"https:\/\/svetaobitelj.hr\/index.php?rest_route=%2Fwp%2Fv2%2Ftags&post=824"}],"curies":[{"name":"wp","href":"https:\/\/api.w.org\/{rel}","templated":true}]}}