{"id":822,"date":"2019-04-28T18:53:30","date_gmt":"2019-04-28T17:53:30","guid":{"rendered":"http:\/\/svetaobitelj.hr\/?p=822"},"modified":"2020-01-29T21:58:04","modified_gmt":"2020-01-29T20:58:04","slug":"zupne-obavijesti-2-vazmena-nedjelja","status":"publish","type":"post","link":"https:\/\/svetaobitelj.hr\/?p=822","title":{"rendered":"\u017dupne obavijesti: 2. vazmena nedjelja"},"content":{"rendered":"\n<p><\/p>\n\n\n\n<ul class=\"wp-block-list\"><li><strong>Danas slavimo drugu vazmenu\nnedjelju. Nakon svetih misa sakupljamo nov\u010dane priloge za obnovu Ku\u0107e susreta\nTabor u Samoboru. <\/strong><\/li><\/ul>\n\n\n\n<ul class=\"wp-block-list\"><li><strong>Sutra je biblijski sat nakon\nve\u010dernje svete mise.<\/strong><\/li><\/ul>\n\n\n\n<ul class=\"wp-block-list\"><li><strong>U utorak je pobo\u017enost trinaest\nutoraka na \u010dast sv. Antunu Padovanskom u 18:15 sati, a susret ovogodi\u0161njih\nkrizmanika sa djeliteljem krizme pre\u010d. Dragom Tukarom&nbsp; je nakon ve\u010dernje svete mise.<\/strong><\/li><\/ul>\n\n\n\n<ul class=\"wp-block-list\"><li><strong>Ovaj tjedan su prvi petak i prva\nsubota u mjesecu. U petak je pobo\u017enost na \u010dast Srcu Isusovom u 18:00 sati. U\nsubotu molimo za duhovna zvanja pod ve\u010dernjom svetom misom, a nakon mise je\nklanjanje pred Presvetim.<\/strong><\/li><\/ul>\n\n\n\n<ul class=\"wp-block-list\"><li><strong>U subotu je u na\u0161oj \u017dupi slavlje\nsvete Potvrde koje \u0107e biti pod svetom misom u 11:00 sati. Djelitelj sakramenta\nje delegat na\u0161ega nadbiskupa, pre\u010d. Drago Tukara, kanonik.<\/strong><\/li><\/ul>\n\n\n\n<ul class=\"wp-block-list\"><li><strong>Sljede\u0107e nedjelje slavimo tre\u0107u\nvazmenu nedjelju. Prva je nedjelja u mjesecu kada se svojim molitvama i\nnov\u010danim prilozima sje\u0107amo na\u0161ih sjemeni\u0161ta te molimo za duhovna zvanja. Pod\njutarnjom svetom misom molit \u0107emo za dobro\u010dinitelje ove na\u0161e crkve i samostana.\nRedoviti sastanak \u010dlanova Mjesnoga bratstva OFS-a bit \u0107e u 16:30 sati.<\/strong><\/li><\/ul>\n\n\n\n<ul class=\"wp-block-list\"><li><strong>U subotu, 18. svibnja 2019. u\nOsijeku se odr\u017eava prvi \u201eHod za \u017eivot\u201c pod geslom \u201eZa\u0161titimo najugro\u017eeniju\nmanjinu u Hrvatskoj \u2013 nero\u0111enu djecu!\u201c. Okupljanje \u0107e zapo\u010deti na Zrinjevcu u\n10 sati. Pozivamo vas da u znak podr\u0161ke svakom nero\u0111enom djetetu, njegovu ocu i\nmajci, sa svojom obitelji i prijateljima sudjelujete u \u201eHodu za \u017eivot\u201c. Vi\u0161e\ninformacija mo\u017eete doznati i od volontera koji dijele informativne letke te\nmajice kojima mo\u017eete dati i dragovoljne priloge za pokrivanje tro\u0161kova organizacije\nHoda.<\/strong><\/li><\/ul>\n\n\n\n<p><strong>Kao kr\u0161\u0107ani pozvani smo \u010duvati i \u0161tititi svaki za\u010deti \u017eivot kao najve\u0107e\nblago i budu\u0107nost na\u0161ega naroda. Svako dijete \u2013 ro\u0111eno i ono koje jo\u0161 raste u\ntijelu svoje majke \u2013 ima pravo na \u017eivot i rast do prirodne smrti. Zato mo\u017eemo i\ntrebamo podr\u017eati za\u0161titu prava na \u017eivot svakog \u010dovjeka, a osobito onih\nnajslabijih te di\u0107i svoj glas protiv kr\u0161enja temeljnog ljudskog prava \u2013 prava\nna \u017eivot. <\/strong><\/p>\n\n\n\n<p><strong>Poslije okupljanja u parku Zrinjevac, sudionici \u0107e u povorci u 11 sati\nkrenuti Slavi\u010dekovom ulicom do Ulice Hrvatske Republike te \u017dupanijskom ulicom\ndo Trga Ante Star\u010devi\u0107a, gdje \u0107e se odr\u017eati prigodni program. Na \u201eHod za \u017eivot\u201c\npozvane su obitelji s djecom, mladi, stari i svi koji \u017eele dati podr\u0161ku\nnero\u0111enoj djeci te njihovim majkama i o\u010devima.<\/strong><\/p>\n\n\n\n<ul class=\"wp-block-list\"><li><strong>Molimo sve vas koji jo\u0161 nemate\n\u017eupnu obiteljsku knji\u017eicu ili je potrebno upisati promjene u postoje\u0107e, da se\njavite u \u017eupni ured. Kupujte i \u010ditajte vjerski tisak.<\/strong><\/li><\/ul>\n","protected":false},"excerpt":{"rendered":"<p>Danas slavimo drugu vazmenu nedjelju. Nakon svetih misa sakupljamo nov\u010dane priloge za obnovu Ku\u0107e susreta Tabor u Samoboru. Sutra je biblijski sat nakon ve\u010dernje svete mise. U utorak je pobo\u017enost trinaest utoraka na \u010dast sv. Antunu Padovanskom u 18:15 sati, a susret ovogodi\u0161njih krizmanika sa djeliteljem krizme pre\u010d. Dragom Tukarom&nbsp; je nakon ve\u010dernje svete mise. <a href=\"https:\/\/svetaobitelj.hr\/?p=822\" class=\"more-link\">[&hellip;]<\/a><\/p>\n","protected":false},"author":2,"featured_media":0,"comment_status":"closed","ping_status":"closed","sticky":false,"template":"","format":"standard","meta":{"footnotes":""},"categories":[3],"tags":[],"class_list":["entry","author-","post-822","post","type-post","status-publish","format-standard","category-zupa"],"_links":{"self":[{"href":"https:\/\/svetaobitelj.hr\/index.php?rest_route=\/wp\/v2\/posts\/822","targetHints":{"allow":["GET"]}}],"collection":[{"href":"https:\/\/svetaobitelj.hr\/index.php?rest_route=\/wp\/v2\/posts"}],"about":[{"href":"https:\/\/svetaobitelj.hr\/index.php?rest_route=\/wp\/v2\/types\/post"}],"author":[{"embeddable":true,"href":"https:\/\/svetaobitelj.hr\/index.php?rest_route=\/wp\/v2\/users\/2"}],"replies":[{"embeddable":true,"href":"https:\/\/svetaobitelj.hr\/index.php?rest_route=%2Fwp%2Fv2%2Fcomments&post=822"}],"version-history":[{"count":2,"href":"https:\/\/svetaobitelj.hr\/index.php?rest_route=\/wp\/v2\/posts\/822\/revisions"}],"predecessor-version":[{"id":847,"href":"https:\/\/svetaobitelj.hr\/index.php?rest_route=\/wp\/v2\/posts\/822\/revisions\/847"}],"wp:attachment":[{"href":"https:\/\/svetaobitelj.hr\/index.php?rest_route=%2Fwp%2Fv2%2Fmedia&parent=822"}],"wp:term":[{"taxonomy":"category","embeddable":true,"href":"https:\/\/svetaobitelj.hr\/index.php?rest_route=%2Fwp%2Fv2%2Fcategories&post=822"},{"taxonomy":"post_tag","embeddable":true,"href":"https:\/\/svetaobitelj.hr\/index.php?rest_route=%2Fwp%2Fv2%2Ftags&post=822"}],"curies":[{"name":"wp","href":"https:\/\/api.w.org\/{rel}","templated":true}]}}