{"id":819,"date":"2019-04-23T19:22:58","date_gmt":"2019-04-23T18:22:58","guid":{"rendered":"http:\/\/svetaobitelj.hr\/?p=819"},"modified":"2020-01-29T21:58:04","modified_gmt":"2020-01-29T20:58:04","slug":"neka-nam-uskrs-bude-svaki-dan","status":"publish","type":"post","link":"https:\/\/svetaobitelj.hr\/?p=819","title":{"rendered":"Neka nam Uskrs bude svaki dan&#8230;"},"content":{"rendered":"\n<figure class=\"wp-block-image\"><img loading=\"lazy\" decoding=\"async\" width=\"1024\" height=\"1024\" src=\"http:\/\/svetaobitelj.hr\/wp-content\/uploads\/2019\/04\/slika1-4-1024x1024.jpg\" alt=\"\" class=\"wp-image-820\" srcset=\"https:\/\/svetaobitelj.hr\/wp-content\/uploads\/2019\/04\/slika1-4-1024x1024.jpg 1024w, https:\/\/svetaobitelj.hr\/wp-content\/uploads\/2019\/04\/slika1-4-150x150.jpg 150w, https:\/\/svetaobitelj.hr\/wp-content\/uploads\/2019\/04\/slika1-4-300x300.jpg 300w, https:\/\/svetaobitelj.hr\/wp-content\/uploads\/2019\/04\/slika1-4-768x768.jpg 768w, https:\/\/svetaobitelj.hr\/wp-content\/uploads\/2019\/04\/slika1-4.jpg 1920w\" sizes=\"auto, (max-width: 1024px) 100vw, 1024px\" \/><\/figure>\n\n\n\n<p>Pozvani smo ne samo u uskrsnim danima \u010diniti dobro, nego kada god imamo mogu\u0107nost i priliku. Stoga su volonteri \u017eupnoga Caritasa danas u Pu\u010dkoj kuhinji u Osijeku podijelili pisanice i slatki\u0161e koji su na\u0161i \u017eupljani prikupili te na taj na\u010din onim potrebitima pokazali da nisu sami, da je Uskrs i njima i nama jednak, te da je Isus umro za sve nas, ma kakvog god imovnog stanja bili. Te\u0161ko je gledati i slu\u0161ati pri\u010de ljudi koje su razne \u017eivotne (ne) prilike dovele do toga da su primorani tra\u017eiti pomo\u0107, \u0161to uistinu nije lako izustiti, i upravo zato tim ljudima treba dati ohrabrenje i pokazati im da nisu sami, makar i na ovaj simboli\u010dan na\u010din, te u njima prepoznati i tra\u017eiti Isusa i uvijek imati na umu Njegove rije\u010di: \u0160to god u\u010diniste jednom od ove  moje najmanje  bra\u0107e, meni u\u010diniste.  Neka nas te rije\u010di uvijek podsje\u0107aju da je tako lako biti Njegov ako to uistinu srcem \u017eelimo.<\/p>\n\n\n\n<p>Mir i dobro!<\/p>\n","protected":false},"excerpt":{"rendered":"<p>Pozvani smo ne samo u uskrsnim danima \u010diniti dobro, nego kada god imamo mogu\u0107nost i priliku. Stoga su volonteri \u017eupnoga Caritasa danas u Pu\u010dkoj kuhinji u Osijeku podijelili pisanice i slatki\u0161e koji su na\u0161i \u017eupljani prikupili te na taj na\u010din onim potrebitima pokazali da nisu sami, da je Uskrs i njima i nama jednak, te <a href=\"https:\/\/svetaobitelj.hr\/?p=819\" class=\"more-link\">[&hellip;]<\/a><\/p>\n","protected":false},"author":2,"featured_media":0,"comment_status":"closed","ping_status":"closed","sticky":false,"template":"","format":"standard","meta":{"footnotes":""},"categories":[3],"tags":[],"class_list":["entry","author-","post-819","post","type-post","status-publish","format-standard","category-zupa"],"_links":{"self":[{"href":"https:\/\/svetaobitelj.hr\/index.php?rest_route=\/wp\/v2\/posts\/819","targetHints":{"allow":["GET"]}}],"collection":[{"href":"https:\/\/svetaobitelj.hr\/index.php?rest_route=\/wp\/v2\/posts"}],"about":[{"href":"https:\/\/svetaobitelj.hr\/index.php?rest_route=\/wp\/v2\/types\/post"}],"author":[{"embeddable":true,"href":"https:\/\/svetaobitelj.hr\/index.php?rest_route=\/wp\/v2\/users\/2"}],"replies":[{"embeddable":true,"href":"https:\/\/svetaobitelj.hr\/index.php?rest_route=%2Fwp%2Fv2%2Fcomments&post=819"}],"version-history":[{"count":1,"href":"https:\/\/svetaobitelj.hr\/index.php?rest_route=\/wp\/v2\/posts\/819\/revisions"}],"predecessor-version":[{"id":821,"href":"https:\/\/svetaobitelj.hr\/index.php?rest_route=\/wp\/v2\/posts\/819\/revisions\/821"}],"wp:attachment":[{"href":"https:\/\/svetaobitelj.hr\/index.php?rest_route=%2Fwp%2Fv2%2Fmedia&parent=819"}],"wp:term":[{"taxonomy":"category","embeddable":true,"href":"https:\/\/svetaobitelj.hr\/index.php?rest_route=%2Fwp%2Fv2%2Fcategories&post=819"},{"taxonomy":"post_tag","embeddable":true,"href":"https:\/\/svetaobitelj.hr\/index.php?rest_route=%2Fwp%2Fv2%2Ftags&post=819"}],"curies":[{"name":"wp","href":"https:\/\/api.w.org\/{rel}","templated":true}]}}