{"id":802,"date":"2019-04-18T20:46:26","date_gmt":"2019-04-18T19:46:26","guid":{"rendered":"http:\/\/svetaobitelj.hr\/?p=802"},"modified":"2020-01-29T21:58:04","modified_gmt":"2020-01-29T20:58:04","slug":"misa-vecere-gospodnje","status":"publish","type":"post","link":"https:\/\/svetaobitelj.hr\/?p=802","title":{"rendered":"Misa Ve\u010dere Gospodnje"},"content":{"rendered":"\n<figure class=\"wp-block-image\"><img loading=\"lazy\" decoding=\"async\" width=\"1024\" height=\"1024\" src=\"http:\/\/svetaobitelj.hr\/wp-content\/uploads\/2019\/04\/slika1-1-1024x1024.jpg\" alt=\"\" class=\"wp-image-803\" srcset=\"https:\/\/svetaobitelj.hr\/wp-content\/uploads\/2019\/04\/slika1-1-1024x1024.jpg 1024w, https:\/\/svetaobitelj.hr\/wp-content\/uploads\/2019\/04\/slika1-1-150x150.jpg 150w, https:\/\/svetaobitelj.hr\/wp-content\/uploads\/2019\/04\/slika1-1-300x300.jpg 300w, https:\/\/svetaobitelj.hr\/wp-content\/uploads\/2019\/04\/slika1-1-768x768.jpg 768w, https:\/\/svetaobitelj.hr\/wp-content\/uploads\/2019\/04\/slika1-1.jpg 1920w\" sizes=\"auto, (max-width: 1024px) 100vw, 1024px\" \/><\/figure>\n\n\n\n<p>Misom Ve\u010dere Gospodnje zapo\u010deli smo slavlje Vazmenog trodnevlja. Na Veliki \u010detvrtak, Isus je posljednji put proslavio pashu sa svojim u\u010denicima, <br>ostavljaju\u0107i sebe pod prilikama kruha i vina.  Na posljednjoj ve\u010deri ustanovljeni su sakramenti sve\u0107eni\u010dkog reda i euharistije. Liturgijska \u010ditanja dana\u0161njeg dana pro\u017eeta su rije\u010dima ljubav i poniznost. Nakon homilije, \u017eupni vikar, fra Josip, oprao je noge dvanaestorici \u017eupljana, koje je izabrao za tu prigodu, u spomen na Isusovu gestu poniznosti  pranja nogu apostolima. Posebnost jest i pri\u010dest pod obje prilike. Nakon \u0161to je Presveto prene\u0161eno u kapelicu ostali smo u molitvi klanjanja kao spomen na Isusov boravak u Getsemaniju. <\/p>\n\n\n\n<p>&#8220;Onoga, koji pla\u010de s Isusom u Getsemaniju, on \u0107e pripustiti, da bude dionik njegovih radosti jo\u0161 na ovom svijetu&#8221; (p. Giuseppe M. Petazzi)<\/p>\n","protected":false},"excerpt":{"rendered":"<p>Misom Ve\u010dere Gospodnje zapo\u010deli smo slavlje Vazmenog trodnevlja. Na Veliki \u010detvrtak, Isus je posljednji put proslavio pashu sa svojim u\u010denicima, ostavljaju\u0107i sebe pod prilikama kruha i vina. Na posljednjoj ve\u010deri ustanovljeni su sakramenti sve\u0107eni\u010dkog reda i euharistije. Liturgijska \u010ditanja dana\u0161njeg dana pro\u017eeta su rije\u010dima ljubav i poniznost. Nakon homilije, \u017eupni vikar, fra Josip, oprao je <a href=\"https:\/\/svetaobitelj.hr\/?p=802\" class=\"more-link\">[&hellip;]<\/a><\/p>\n","protected":false},"author":2,"featured_media":0,"comment_status":"closed","ping_status":"closed","sticky":false,"template":"","format":"standard","meta":{"footnotes":""},"categories":[3],"tags":[],"class_list":["entry","author-","post-802","post","type-post","status-publish","format-standard","category-zupa"],"_links":{"self":[{"href":"https:\/\/svetaobitelj.hr\/index.php?rest_route=\/wp\/v2\/posts\/802","targetHints":{"allow":["GET"]}}],"collection":[{"href":"https:\/\/svetaobitelj.hr\/index.php?rest_route=\/wp\/v2\/posts"}],"about":[{"href":"https:\/\/svetaobitelj.hr\/index.php?rest_route=\/wp\/v2\/types\/post"}],"author":[{"embeddable":true,"href":"https:\/\/svetaobitelj.hr\/index.php?rest_route=\/wp\/v2\/users\/2"}],"replies":[{"embeddable":true,"href":"https:\/\/svetaobitelj.hr\/index.php?rest_route=%2Fwp%2Fv2%2Fcomments&post=802"}],"version-history":[{"count":2,"href":"https:\/\/svetaobitelj.hr\/index.php?rest_route=\/wp\/v2\/posts\/802\/revisions"}],"predecessor-version":[{"id":805,"href":"https:\/\/svetaobitelj.hr\/index.php?rest_route=\/wp\/v2\/posts\/802\/revisions\/805"}],"wp:attachment":[{"href":"https:\/\/svetaobitelj.hr\/index.php?rest_route=%2Fwp%2Fv2%2Fmedia&parent=802"}],"wp:term":[{"taxonomy":"category","embeddable":true,"href":"https:\/\/svetaobitelj.hr\/index.php?rest_route=%2Fwp%2Fv2%2Fcategories&post=802"},{"taxonomy":"post_tag","embeddable":true,"href":"https:\/\/svetaobitelj.hr\/index.php?rest_route=%2Fwp%2Fv2%2Ftags&post=802"}],"curies":[{"name":"wp","href":"https:\/\/api.w.org\/{rel}","templated":true}]}}