{"id":798,"date":"2019-04-15T19:11:53","date_gmt":"2019-04-15T18:11:53","guid":{"rendered":"http:\/\/svetaobitelj.hr\/?p=798"},"modified":"2020-01-29T21:58:04","modified_gmt":"2020-01-29T20:58:04","slug":"nastavljamo-ciniti-dobro","status":"publish","type":"post","link":"https:\/\/svetaobitelj.hr\/?p=798","title":{"rendered":"Nastavljamo \u010diniti dobro"},"content":{"rendered":"\n<figure class=\"wp-block-image\"><img loading=\"lazy\" decoding=\"async\" width=\"1024\" height=\"1024\" src=\"http:\/\/svetaobitelj.hr\/wp-content\/uploads\/2019\/04\/slika2-1024x1024.jpg\" alt=\"\" class=\"wp-image-799\" srcset=\"https:\/\/svetaobitelj.hr\/wp-content\/uploads\/2019\/04\/slika2-1024x1024.jpg 1024w, https:\/\/svetaobitelj.hr\/wp-content\/uploads\/2019\/04\/slika2-150x150.jpg 150w, https:\/\/svetaobitelj.hr\/wp-content\/uploads\/2019\/04\/slika2-300x300.jpg 300w, https:\/\/svetaobitelj.hr\/wp-content\/uploads\/2019\/04\/slika2-768x768.jpg 768w, https:\/\/svetaobitelj.hr\/wp-content\/uploads\/2019\/04\/slika2.jpg 1920w\" sizes=\"auto, (max-width: 1024px) 100vw, 1024px\" \/><\/figure>\n\n\n\n<p>\u017dupni caritas je i za ovaj Uskrs uz pomo\u0107 dobro\u010dinitelja uspio pripremiti i podijeliti\u00a0 \u010detrdesetak obiteljskih paketa s osnovnim \u017eive\u017enim namirnicama i higijenskim potrep\u0161tinama. Za \u017eupljane slabijeg imovinskog stanja organizirana je podjela paketa, tako da su u ponedjeljak, 15. travnja 2019. godine volonteri caritasa na\u0161e \u017dupe, dostavili na ku\u0107nu adresu pakete najpotrebitijim \u017eupljanima. Korisnika \u017eupnog caritasa ima oko \u010detrdeset obitelji \u2013 me\u0111u njima su vi\u0161e\u010dlane obitelji s djecom, nezaposleni, samci, te starije osobe. Svi oni stanuju na podru\u010dju na\u0161e \u017eupe. <\/p>\n\n\n\n<p>Obzirom na \u010dinjenicu da \u017eupni caritas ne uspijeva svaki mjesec pokriti potrebe za hranom, podjele se vr\u0161e za Bo\u017ei\u0107 i Uskrs. Svjesni smo kako jo\u0161 nismo otkrili sve one najpotrebitije me\u0111u nama kojima bi mogli pomo\u0107i.\u00a0 \u010cesto takve osobe ne uspijemo prona\u0107i i zbog \u010dinjenice da im nije ugodno do\u0107i do  \u017eupnog ureda kako bi se prijavili. Usprkos tome  pronalazimo nove korisnike preko njihovih susjeda i drugih \u017eupljana.<\/p>\n\n\n\n<p>Iskreno i od srca zahvaljujemo svim \u017eupljanima na ljubavi i pomo\u0107i koju su iskazali svojim darovima za potrebe siroma\u0161nih i u ovo korizmeno vrijeme, vrijeme nade, uskrsne radosti i mira te otvorili svoja srca i tako doprinijeli djelovanju na\u0161eg \u017eupnog caritasa da bi ubla\u017eili siroma\u0161tvo i dali nadu onima koji \u017eive u bijedi.<\/p>\n\n\n\n<p>Uz potrebite u na\u0161oj \u017eupi pomogli smo i Pu\u010dkoj kuhinji u Osijeku, Centru za dijete iz Osijeka, i Centru za prihvat besku\u0107nika tako\u0111er u Osijeku, jer i na taj na\u010din oslu\u0161kujemo poticaje Caritasa na\u0161e Nadbiskupije.<\/p>\n\n\n\n<p>Neka\nnam i ubudu\u0107e bude poticaj Isusova ljubav kojom ljubi svakog \u010dovjeka. Jer, Isus\nka\u017ee:<\/p>\n\n\n\n<p>\u201eZaista,\nka\u017eem vam, \u0161to god u\u010diniste jednomu od ove moje najmanje bra\u0107e, meni u\u010diniste!\u201c\n(Mt25,40)<\/p>\n","protected":false},"excerpt":{"rendered":"<p>\u017dupni caritas je i za ovaj Uskrs uz pomo\u0107 dobro\u010dinitelja uspio pripremiti i podijeliti\u00a0 \u010detrdesetak obiteljskih paketa s osnovnim \u017eive\u017enim namirnicama i higijenskim potrep\u0161tinama. Za \u017eupljane slabijeg imovinskog stanja organizirana je podjela paketa, tako da su u ponedjeljak, 15. travnja 2019. godine volonteri caritasa na\u0161e \u017dupe, dostavili na ku\u0107nu adresu pakete najpotrebitijim \u017eupljanima. Korisnika \u017eupnog <a href=\"https:\/\/svetaobitelj.hr\/?p=798\" class=\"more-link\">[&hellip;]<\/a><\/p>\n","protected":false},"author":2,"featured_media":0,"comment_status":"closed","ping_status":"closed","sticky":false,"template":"","format":"standard","meta":{"footnotes":""},"categories":[3],"tags":[],"class_list":["entry","author-","post-798","post","type-post","status-publish","format-standard","category-zupa"],"_links":{"self":[{"href":"https:\/\/svetaobitelj.hr\/index.php?rest_route=\/wp\/v2\/posts\/798","targetHints":{"allow":["GET"]}}],"collection":[{"href":"https:\/\/svetaobitelj.hr\/index.php?rest_route=\/wp\/v2\/posts"}],"about":[{"href":"https:\/\/svetaobitelj.hr\/index.php?rest_route=\/wp\/v2\/types\/post"}],"author":[{"embeddable":true,"href":"https:\/\/svetaobitelj.hr\/index.php?rest_route=\/wp\/v2\/users\/2"}],"replies":[{"embeddable":true,"href":"https:\/\/svetaobitelj.hr\/index.php?rest_route=%2Fwp%2Fv2%2Fcomments&post=798"}],"version-history":[{"count":1,"href":"https:\/\/svetaobitelj.hr\/index.php?rest_route=\/wp\/v2\/posts\/798\/revisions"}],"predecessor-version":[{"id":800,"href":"https:\/\/svetaobitelj.hr\/index.php?rest_route=\/wp\/v2\/posts\/798\/revisions\/800"}],"wp:attachment":[{"href":"https:\/\/svetaobitelj.hr\/index.php?rest_route=%2Fwp%2Fv2%2Fmedia&parent=798"}],"wp:term":[{"taxonomy":"category","embeddable":true,"href":"https:\/\/svetaobitelj.hr\/index.php?rest_route=%2Fwp%2Fv2%2Fcategories&post=798"},{"taxonomy":"post_tag","embeddable":true,"href":"https:\/\/svetaobitelj.hr\/index.php?rest_route=%2Fwp%2Fv2%2Ftags&post=798"}],"curies":[{"name":"wp","href":"https:\/\/api.w.org\/{rel}","templated":true}]}}