{"id":795,"date":"2019-04-15T19:03:50","date_gmt":"2019-04-15T18:03:50","guid":{"rendered":"http:\/\/svetaobitelj.hr\/?p=795"},"modified":"2020-01-29T21:58:04","modified_gmt":"2020-01-29T20:58:04","slug":"cvjetnica","status":"publish","type":"post","link":"https:\/\/svetaobitelj.hr\/?p=795","title":{"rendered":"Cvjetnica"},"content":{"rendered":"\n<p><\/p>\n\n\n\n<figure class=\"wp-block-image\"><img loading=\"lazy\" decoding=\"async\" width=\"1024\" height=\"1024\" src=\"http:\/\/svetaobitelj.hr\/wp-content\/uploads\/2019\/04\/slika1-1024x1024.jpg\" alt=\"\" class=\"wp-image-796\" srcset=\"https:\/\/svetaobitelj.hr\/wp-content\/uploads\/2019\/04\/slika1-1024x1024.jpg 1024w, https:\/\/svetaobitelj.hr\/wp-content\/uploads\/2019\/04\/slika1-150x150.jpg 150w, https:\/\/svetaobitelj.hr\/wp-content\/uploads\/2019\/04\/slika1-300x300.jpg 300w, https:\/\/svetaobitelj.hr\/wp-content\/uploads\/2019\/04\/slika1-768x768.jpg 768w, https:\/\/svetaobitelj.hr\/wp-content\/uploads\/2019\/04\/slika1.jpg 1920w\" sizes=\"auto, (max-width: 1024px) 100vw, 1024px\" \/><\/figure>\n\n\n\n<p>Blagoslovom maslinovih gran\u010dica (razli\u010ditih oblika i veli\u010dina) zapo\u010deli smo sve\u010dano slavlje Nedjelje Muke Gospodnje.  Gran\u010dice su se prodavale prije svake mise, a kupnjom i prilogom smo pomogli Papinska misijska djela u RH i vjerni\u010dku udrugu pri \u017eupi Sv. Juraj u Starom Pazinu koji su na\u0161i vi\u0161egodi\u0161nji opskrbljiva\u010di maslinovih gran\u010dica. Zahvalni smo svima koji su pomogli ovu akciju, a ne mo\u017eemo ne primjetiti osjetno ve\u0107i broj vjernika na svim misama, te smo iznimno zahvalni Gospodinu za taj blagoslov.  U\u0161li smo u proslavu ovogodi\u0161njeg Velikog tjedna u\u010dvr\u0161\u010duju\u0107i svoju vjeru i odgovornost da , iako svjesni svoje gre\u0161nosti, izdajstva i nijekanja Isusa, \u017eelimo i mi kajati se \u0161to \u010dinimo na\u0161em Bogu i bli\u017enjima. <\/p>\n","protected":false},"excerpt":{"rendered":"<p>Blagoslovom maslinovih gran\u010dica (razli\u010ditih oblika i veli\u010dina) zapo\u010deli smo sve\u010dano slavlje Nedjelje Muke Gospodnje. Gran\u010dice su se prodavale prije svake mise, a kupnjom i prilogom smo pomogli Papinska misijska djela u RH i vjerni\u010dku udrugu pri \u017eupi Sv. Juraj u Starom Pazinu koji su na\u0161i vi\u0161egodi\u0161nji opskrbljiva\u010di maslinovih gran\u010dica. Zahvalni smo svima koji su pomogli <a href=\"https:\/\/svetaobitelj.hr\/?p=795\" class=\"more-link\">[&hellip;]<\/a><\/p>\n","protected":false},"author":2,"featured_media":0,"comment_status":"closed","ping_status":"closed","sticky":false,"template":"","format":"standard","meta":{"footnotes":""},"categories":[3],"tags":[],"class_list":["entry","author-","post-795","post","type-post","status-publish","format-standard","category-zupa"],"_links":{"self":[{"href":"https:\/\/svetaobitelj.hr\/index.php?rest_route=\/wp\/v2\/posts\/795","targetHints":{"allow":["GET"]}}],"collection":[{"href":"https:\/\/svetaobitelj.hr\/index.php?rest_route=\/wp\/v2\/posts"}],"about":[{"href":"https:\/\/svetaobitelj.hr\/index.php?rest_route=\/wp\/v2\/types\/post"}],"author":[{"embeddable":true,"href":"https:\/\/svetaobitelj.hr\/index.php?rest_route=\/wp\/v2\/users\/2"}],"replies":[{"embeddable":true,"href":"https:\/\/svetaobitelj.hr\/index.php?rest_route=%2Fwp%2Fv2%2Fcomments&post=795"}],"version-history":[{"count":1,"href":"https:\/\/svetaobitelj.hr\/index.php?rest_route=\/wp\/v2\/posts\/795\/revisions"}],"predecessor-version":[{"id":797,"href":"https:\/\/svetaobitelj.hr\/index.php?rest_route=\/wp\/v2\/posts\/795\/revisions\/797"}],"wp:attachment":[{"href":"https:\/\/svetaobitelj.hr\/index.php?rest_route=%2Fwp%2Fv2%2Fmedia&parent=795"}],"wp:term":[{"taxonomy":"category","embeddable":true,"href":"https:\/\/svetaobitelj.hr\/index.php?rest_route=%2Fwp%2Fv2%2Fcategories&post=795"},{"taxonomy":"post_tag","embeddable":true,"href":"https:\/\/svetaobitelj.hr\/index.php?rest_route=%2Fwp%2Fv2%2Ftags&post=795"}],"curies":[{"name":"wp","href":"https:\/\/api.w.org\/{rel}","templated":true}]}}