{"id":791,"date":"2019-04-12T12:46:23","date_gmt":"2019-04-12T11:46:23","guid":{"rendered":"http:\/\/svetaobitelj.hr\/?p=791"},"modified":"2020-01-29T21:58:04","modified_gmt":"2020-01-29T20:58:04","slug":"zupne-obavijesti-cvjetnica-2","status":"publish","type":"post","link":"https:\/\/svetaobitelj.hr\/?p=791","title":{"rendered":"\u017dupne obavijesti: Cvjetnica"},"content":{"rendered":"\n<p><\/p>\n\n\n\n<p><\/p>\n\n\n\n<ul class=\"wp-block-list\"><li><strong>Slavimo Nedjelju Muke Gospodnje\nkojom zapo\u010dinje Veliki tjedan. Nakon svetih misa skupljamo nov\u010dane priloge za\npotrebe na\u0161e bra\u0107e i sestara katolika u Svetoj Zemlji. Hvala svima koji ste\nsvojim darovima pomogli siroma\u0161nim obiteljima u na\u0161oj \u017dupi kao i u akcijama\nCaritasa na\u0161e Nadbiskupije. Kutijice Caritasa mo\u017eete staviti u ko\u0161aru ispred\noltara. <\/strong><\/li><\/ul>\n\n\n\n<ul class=\"wp-block-list\"><li><strong>Sutra<\/strong><strong> je u Vikarijatu\n\u201eBiblijsko-molitvena\u201c ve\u010der koju vodi vl\u010d. Kre\u0161imir Bulat s po\u010detkom u 19:30\nsati. U utorak je pobo\u017enost na \u010dast sv. Antunu Padovanskom u 18:15, a\npod ve\u010dernjom svetom misom je obnova zavjeta. U Konkatedrali je pokorni\u010dko\nslavlje za studente u 19:30 sati. U srijedu je pobo\u017enost kri\u017enog puta u\n18 sati.<\/strong><\/li><\/ul>\n\n\n\n<ul class=\"wp-block-list\"><li><strong>VELIKI \u010cETVRTAK: Nema jutarnje\nsvete mise i prije podne ne uredujemo u \u017eupnom uredu. U 9:00 sati je Misa\nposvete ulja u Katedrali u \u0110akovu. U na\u0161oj \u017eupnoj crkvi je u 18:30 misa Ve\u010dere\nGospodnje, a nakon mise je Getsemanska ura klanjanja. <\/strong><\/li><\/ul>\n\n\n\n<ul class=\"wp-block-list\"><li><strong>VELIKI PETAK: Obvezatan post i\nnemrs; nema svetih misa; u 9:00 sati je u na\u0161oj \u017eupnoj crkvi kri\u017eni put, a u\n18:00 sati zapo\u010dinju obredi Velikog petka. Milostinja Velikog petka ide za bra\u0107u\ni sestre katolike u Isusovoj domovini, \u0161to osobito pokazujemo svojim nov\u010danim\nprilozima kod klanjanja kri\u017eu.<\/strong><\/li><\/ul>\n\n\n\n<ul class=\"wp-block-list\"><li><strong>VELIKA SUBOTA: nema svetih misa;\npohod \u201eBo\u017ejem grobu\u201c je cijeli dan. U 20:00 sati zapo\u010dinje Vazmeno bdijenje\nispred crkve blagoslovom ognja i paljenjem uskrsne svije\u0107e \u2013 za bdijenje\nponesite svije\u0107e. <\/strong><\/li><\/ul>\n\n\n\n<ul class=\"wp-block-list\"><li><strong>Sljede\u0107e nedjelje slavimo Nedjelju\nuskrsnu\u0107a Gospodinova &#8211; Vazam. Nakon jutarnje svete mise bit \u0107e sve\u010dani\nblagoslov jela. Nakon svetih misa skupljat \u0107emo nov\u010dane priloge za \u201ePetrov\nnov\u010di\u0107\u201c \u010dime poma\u017eemo djelovanju Svete Stolice u Rimu.<\/strong><\/li><\/ul>\n\n\n\n<ul class=\"wp-block-list\"><li><strong>Nadbiskupijski susret slijepih i\nslabovidnih osoba bit \u0107e 27. travnja ove godine u \u0110akovu, s po\u010detkom u 9:15\nispred Katedrale. Potrebno je prijaviti se za taj susret do 24. travnja. Na\nuskrsni ponedjeljak, 22. travnja ove godine, u 16:30 sati, bit \u0107e biskupsko\nre\u0111enje mons. Ivana \u0106uri\u0107a u \u0111akova\u010dkoj katedrali. Koji su se prijavili,\nzajedni\u010dki \u0107e s ostalima iz na\u0161ega dekanata i\u0107i u \u0110akovo. <\/strong><\/li><\/ul>\n\n\n\n<ul class=\"wp-block-list\"><li><strong>Caritas \u0110akova\u010dko-osje\u010dke\nnadbiskupije i Caritas biskupije Krk od 2006. godine&nbsp; sura\u0111uju na projektu &#8220;Ljetovanje u\nMartin\u0161\u0107ici na otoku Cresu za obitelji socijalno slabog statusa s podru\u010dja na\u0161e\nNadbiskupije&#8221;. Uz ovaj, od ove godine zapo\u010deo je novi projekt, \u201ePrijatelji\ns mora\u201c, kojim je Caritas biskupije Krk poticao iznajmljiva\u010de privatnog\nsmje\u0161taja na podru\u010dju Kr\u010dke biskupije da bez naknade na ljetovanje prime obitelji\ns podru\u010dja na\u0161e Nadbiskupije slabijeg imovnog stanja. Zainteresirane obitelji\nneka se jave u \u017eupni ured radi daljnjih uputa.<\/strong><\/li><\/ul>\n\n\n\n<ul class=\"wp-block-list\"><li><strong>Molimo sve vas koji jo\u0161 nemate\n\u017eupnu obiteljsku knji\u017eicu ili je potrebno upisati promjene u postoje\u0107e, da se\njavite u \u017eupni ured. Kupujte i \u010ditajte vjerski tisak. <\/strong><\/li><\/ul>\n","protected":false},"excerpt":{"rendered":"<p>Slavimo Nedjelju Muke Gospodnje kojom zapo\u010dinje Veliki tjedan. Nakon svetih misa skupljamo nov\u010dane priloge za potrebe na\u0161e bra\u0107e i sestara katolika u Svetoj Zemlji. Hvala svima koji ste svojim darovima pomogli siroma\u0161nim obiteljima u na\u0161oj \u017dupi kao i u akcijama Caritasa na\u0161e Nadbiskupije. Kutijice Caritasa mo\u017eete staviti u ko\u0161aru ispred oltara. Sutra je u Vikarijatu <a href=\"https:\/\/svetaobitelj.hr\/?p=791\" class=\"more-link\">[&hellip;]<\/a><\/p>\n","protected":false},"author":2,"featured_media":0,"comment_status":"closed","ping_status":"closed","sticky":false,"template":"","format":"standard","meta":{"footnotes":""},"categories":[3],"tags":[],"class_list":["entry","author-","post-791","post","type-post","status-publish","format-standard","category-zupa"],"_links":{"self":[{"href":"https:\/\/svetaobitelj.hr\/index.php?rest_route=\/wp\/v2\/posts\/791","targetHints":{"allow":["GET"]}}],"collection":[{"href":"https:\/\/svetaobitelj.hr\/index.php?rest_route=\/wp\/v2\/posts"}],"about":[{"href":"https:\/\/svetaobitelj.hr\/index.php?rest_route=\/wp\/v2\/types\/post"}],"author":[{"embeddable":true,"href":"https:\/\/svetaobitelj.hr\/index.php?rest_route=\/wp\/v2\/users\/2"}],"replies":[{"embeddable":true,"href":"https:\/\/svetaobitelj.hr\/index.php?rest_route=%2Fwp%2Fv2%2Fcomments&post=791"}],"version-history":[{"count":2,"href":"https:\/\/svetaobitelj.hr\/index.php?rest_route=\/wp\/v2\/posts\/791\/revisions"}],"predecessor-version":[{"id":849,"href":"https:\/\/svetaobitelj.hr\/index.php?rest_route=\/wp\/v2\/posts\/791\/revisions\/849"}],"wp:attachment":[{"href":"https:\/\/svetaobitelj.hr\/index.php?rest_route=%2Fwp%2Fv2%2Fmedia&parent=791"}],"wp:term":[{"taxonomy":"category","embeddable":true,"href":"https:\/\/svetaobitelj.hr\/index.php?rest_route=%2Fwp%2Fv2%2Fcategories&post=791"},{"taxonomy":"post_tag","embeddable":true,"href":"https:\/\/svetaobitelj.hr\/index.php?rest_route=%2Fwp%2Fv2%2Ftags&post=791"}],"curies":[{"name":"wp","href":"https:\/\/api.w.org\/{rel}","templated":true}]}}