{"id":785,"date":"2019-04-05T16:49:11","date_gmt":"2019-04-05T15:49:11","guid":{"rendered":"http:\/\/svetaobitelj.hr\/?p=785"},"modified":"2020-01-29T21:58:12","modified_gmt":"2020-01-29T20:58:12","slug":"zupne-obavijesti-5-korizmena-nedjelja","status":"publish","type":"post","link":"https:\/\/svetaobitelj.hr\/?p=785","title":{"rendered":"\u017dupne obavijesti: 5. korizmena nedjelja"},"content":{"rendered":"\n<p><strong>7<\/strong><\/p>\n\n\n\n<ul class=\"wp-block-list\"><li><strong>Slavimo 5. korizmenu nedjelju. Prva\nje nedjelja u mjesecu kada se svojim molitvama i nov\u010danim prilozima sje\u0107amo\nna\u0161ih sjemeni\u0161ta te molimo za duhovna zvanja. Redoviti susret \u010dlanova Mjesnoga\nbratstva OFS-a je u 16:30 sati.<\/strong><\/li><\/ul>\n\n\n\n<ul class=\"wp-block-list\"><li><strong>Prikupljanje prehrambenih\nproizvoda i higijenskih potrep\u0161tina za potrebite na\u0161e \u017dupe je do Cvjetnice.\nCaritas na\u0161e Nadbiskupije u Osje\u010dkom isto\u010dnom, Osje\u010dkom zapadnom i \u010cepinskom\ndekanatu provodi projekt &#8220;Bla\u017eenije je davati nego primati&#8221; kako bi se\npomoglo Pu\u010dkoj kuhinji u Osijeku kao i Centru za prihvat besku\u0107nika. Caritas\nNadbiskupije nastavlja sa projektom \u201eDje\u010dja ko\u0161arica \u2013 Uskrs 2019.\u201c \u010dime svojim\nnov\u010danim prilozima te hranom, higijenskim i dje\u010djim potrep\u0161tinama poma\u017eemo\nCaritasov Centar za majku i dijete. Svoje darove mo\u017eete donijeti u \u017eupni ured.<\/strong><\/li><\/ul>\n\n\n\n<ul class=\"wp-block-list\"><li><strong>Sutra<\/strong><strong> je ispovijed starih i bolesnih\npo obiteljima u na\u0161oj \u017eupi koji ne mogu do\u0107i u crkvu od 8:30 sati. Biblijski\nsat je nakon ve\u010dernje svete mise. U utorak je u 18:00 sati pobo\u017enost na\n\u010dast bl. Mariji Petkovi\u0107, a u 18:15 pobo\u017enost 13 utoraka na \u010dast sv. Antunu\nPadovanskom. U Vikarijatu je molitveno-katehetski susret za starije od 35\ngodina kojeg vodi p. Sebastijan \u0160ujevi\u0107 s po\u010detkom u 19:30. U srijedu i petak\nje pobo\u017enost kri\u017enog puta u 18:00 sati. U \u010detvrtak je velika preduskrsna\nispovijed u na\u0161oj \u017eupi u 9:00 i u 15:00 sati. U Vikarijatu je \u201eSocijalni\n\u010detvrtak\u201c kojeg vodi mr. Josip Jakobfi, s po\u010detkom u 19:30.<\/strong><\/li><\/ul>\n\n\n\n<ul class=\"wp-block-list\"><li><strong>Sljede\u0107e nedjelje slavimo\nNedjelju Muke Gospodnje ili Cvjetnicu kojom zapo\u010dinje Veliki tjedan. Svete mise\nsu po nedjeljnom rasporedu. Nakon svetih misa skupljat \u0107emo nov\u010dane priloge za\npotrebe na\u0161e bra\u0107e i sestara katolika u Svetoj Zemlji. Blagoslov gran\u010dica je na\npo\u010detku svake svete mise, a sve\u010dani blagoslov bit \u0107e u 9:00 sati ispred crkve. Gran\u010dice\n\u0107ete mo\u0107i nabaviti prije svetih misa. Caritasove kutijice koje ste uzeli na\nprvu korizmenu nedjelju mo\u017eete donijeti na Cvjetnicu te \u0107e taj dar biti\nnamijenjen za potrebite. <\/strong><\/li><\/ul>\n\n\n\n<ul class=\"wp-block-list\"><li><strong>16. travnja ove godine, bit \u0107e u\nkonkatedrali u Osijeku pokorni\u010dko bogoslu\u017eje za studente u 19:30 sati.<\/strong><\/li><\/ul>\n\n\n\n<ul class=\"wp-block-list\"><li><strong>Na uskrsni ponedjeljak, 22.\ntravnja ove godine, u 16:30 sati, bit \u0107e biskupsko re\u0111enje mons. Ivana \u0106uri\u0107a u\n\u0111akova\u010dkoj katedrali. Na ovaj va\u017ean crkveni i nadbiskupijski doga\u0111aj\norganiziramo i na\u0161e \u017eupno hodo\u010da\u0161\u0107e. Potrebno je prijaviti se za hodo\u010da\u0161\u0107e u\n\u017eupnom uredu, a cijena puta je 35,00 kn. Prijave primamo do 13. travnja. <\/strong><\/li><\/ul>\n\n\n\n<ul class=\"wp-block-list\"><li><strong>Caritas \u0110akova\u010dko-osje\u010dke\nnadbiskupije i Caritas biskupije Krk od 2006. godine&nbsp; sura\u0111uju na projektu &#8220;Ljetovanje u\nMartin\u0161\u0107ici na otoku Cresu za obitelji socijalno slabog statusa s podru\u010dja na\u0161e\nNadbiskupije&#8221;. Uz ovaj, od ove godine zapo\u010deo je novi projekt, \u201ePrijatelji\ns mora\u201c, kojim je Caritas biskupije Krk poticao iznajmljiva\u010de privatnog\nsmje\u0161taja na podru\u010dju Kr\u010dke biskupije da bez naknade na ljetovanje prime\nobitelji s podru\u010dja na\u0161e Nadbiskupije slabijeg imovnog stanja. Zainteresirane\nobitelji neka se jave u \u017eupni ured radi daljnjih uputa.<\/strong><\/li><\/ul>\n\n\n\n<ul class=\"wp-block-list\"><li><strong>Termini za vezane misne nakane\npopunjeni su do kraja godine. Molimo sve vas koji jo\u0161 nemate \u017eupnu obiteljsku knji\u017eicu\nili je potrebno upisati promjene u postoje\u0107e, da se javite u \u017eupni ured.\nKupujte i \u010ditajte vjerski tisak. <\/strong><\/li><\/ul>\n","protected":false},"excerpt":{"rendered":"<p>7 Slavimo 5. korizmenu nedjelju. Prva je nedjelja u mjesecu kada se svojim molitvama i nov\u010danim prilozima sje\u0107amo na\u0161ih sjemeni\u0161ta te molimo za duhovna zvanja. Redoviti susret \u010dlanova Mjesnoga bratstva OFS-a je u 16:30 sati. Prikupljanje prehrambenih proizvoda i higijenskih potrep\u0161tina za potrebite na\u0161e \u017dupe je do Cvjetnice. Caritas na\u0161e Nadbiskupije u Osje\u010dkom isto\u010dnom, Osje\u010dkom <a href=\"https:\/\/svetaobitelj.hr\/?p=785\" class=\"more-link\">[&hellip;]<\/a><\/p>\n","protected":false},"author":2,"featured_media":0,"comment_status":"closed","ping_status":"closed","sticky":false,"template":"","format":"standard","meta":{"footnotes":""},"categories":[3],"tags":[],"class_list":["entry","author-","post-785","post","type-post","status-publish","format-standard","category-zupa"],"_links":{"self":[{"href":"https:\/\/svetaobitelj.hr\/index.php?rest_route=\/wp\/v2\/posts\/785","targetHints":{"allow":["GET"]}}],"collection":[{"href":"https:\/\/svetaobitelj.hr\/index.php?rest_route=\/wp\/v2\/posts"}],"about":[{"href":"https:\/\/svetaobitelj.hr\/index.php?rest_route=\/wp\/v2\/types\/post"}],"author":[{"embeddable":true,"href":"https:\/\/svetaobitelj.hr\/index.php?rest_route=\/wp\/v2\/users\/2"}],"replies":[{"embeddable":true,"href":"https:\/\/svetaobitelj.hr\/index.php?rest_route=%2Fwp%2Fv2%2Fcomments&post=785"}],"version-history":[{"count":2,"href":"https:\/\/svetaobitelj.hr\/index.php?rest_route=\/wp\/v2\/posts\/785\/revisions"}],"predecessor-version":[{"id":850,"href":"https:\/\/svetaobitelj.hr\/index.php?rest_route=\/wp\/v2\/posts\/785\/revisions\/850"}],"wp:attachment":[{"href":"https:\/\/svetaobitelj.hr\/index.php?rest_route=%2Fwp%2Fv2%2Fmedia&parent=785"}],"wp:term":[{"taxonomy":"category","embeddable":true,"href":"https:\/\/svetaobitelj.hr\/index.php?rest_route=%2Fwp%2Fv2%2Fcategories&post=785"},{"taxonomy":"post_tag","embeddable":true,"href":"https:\/\/svetaobitelj.hr\/index.php?rest_route=%2Fwp%2Fv2%2Ftags&post=785"}],"curies":[{"name":"wp","href":"https:\/\/api.w.org\/{rel}","templated":true}]}}