{"id":772,"date":"2019-03-30T13:29:54","date_gmt":"2019-03-30T12:29:54","guid":{"rendered":"http:\/\/svetaobitelj.hr\/?p=772"},"modified":"2020-01-29T21:58:12","modified_gmt":"2020-01-29T20:58:12","slug":"zupne-obavijesti-4-korizmena-nedjelja","status":"publish","type":"post","link":"https:\/\/svetaobitelj.hr\/?p=772","title":{"rendered":"\u017dupne obavijesti: 4. korizmena nedjelja"},"content":{"rendered":"\n<p><\/p>\n\n\n\n<p><strong>31. o\u017eujka 2019.<\/strong><\/p>\n\n\n\n<ul class=\"wp-block-list\"><li><strong>Slavimo 4. korizmenu nedjelju. Nakon\nsvetih misa prigodna je prodaja svije\u0107a u sklopu projekta Bra\u010dnih i obiteljskih\nsavjetovali\u0161ta i Savjetovali\u0161ta za \u017ertve obiteljskog nasilja \u201eJedna svije\u0107a za\nsvjetlo u obitelji\u201c. Prihodom od prodanih svije\u0107a poma\u017eemo radu stru\u010dnih\nsuradnika za direktnu psiholo\u0161ku pomo\u0107 ljudima u kriznim \u017eivotnim, bra\u010dnim i\nobiteljskim neprilikama.<\/strong><\/li><\/ul>\n\n\n\n<ul class=\"wp-block-list\"><li><strong>Prikupljanje prehrambenih\nproizvoda i higijenskih potrep\u0161tina za potrebite na\u0161e \u017dupe bit \u0107e u razdoblju\nizme\u0111u ove nedjelje i Cvjetnice. Caritas na\u0161e Nadbiskupije u Osje\u010dkom isto\u010dnom,\nOsje\u010dkom zapadnom i \u010cepinskom dekanatu i ove korizme provodi projekt\n&#8220;Bla\u017eenije je davati nego primati&#8221; kako bi se pomoglo Pu\u010dkoj kuhinji\nu Osijeku kao i Centru za prihvat besku\u0107nika. Caritas Nadbiskupije i ove godine\nnastavlja sa projektom \u201eDje\u010dja ko\u0161arica \u2013 Uskrs 2019.\u201c \u010dime svojim nov\u010danim\nprilozima te hranom, higijenskim i dje\u010djim potrep\u0161tinama poma\u017eemo Caritasov\nCentar za majku i dijete. Svoje darove mo\u017eete donijeti u \u017eupni ured.\nZahvaljujemo svima koji ste sudjelovali u pomaganju projekta \u201e75 za 1\u201c.<\/strong><\/li><\/ul>\n\n\n\n<ul class=\"wp-block-list\"><li><strong>Sutra je biblijski sat nakon\nve\u010dernje svete mise. <\/strong><\/li><\/ul>\n\n\n\n<ul class=\"wp-block-list\"><li><strong>U utorak je u 18:15 pobo\u017enost 13\nutoraka na \u010dast sv. Antunu Padovanskom. <\/strong><\/li><\/ul>\n\n\n\n<ul class=\"wp-block-list\"><li><strong>U srijedu i petak je pobo\u017enost\nkri\u017enog puta u 18:00 sati. <\/strong><\/li><\/ul>\n\n\n\n<ul class=\"wp-block-list\"><li><strong>U subotu \u0107emo pod ve\u010dernjom\nsvetom misom moliti za duhovna zvanja budu\u0107i da je prva subota u mjesecu.<\/strong><\/li><\/ul>\n\n\n\n<ul class=\"wp-block-list\"><li><strong>Sljede\u0107e nedjelje slavimo petu\nkorizmenu nedjelju. Ujedno je prva nedjelja u mjesecu kada se svojim molitvama\ni nov\u010danim prilozima sje\u0107amo na\u0161ih sjemeni\u0161ta te molimo za duhovna zvanja. Pod\njutarnjom svetom misom molit \u0107emo za dobro\u010dinitelje ove na\u0161e crkve i samostana.\nRedoviti susret \u010dlanova Mjesnoga bratstva OFS-a bit \u0107e u 16:30 sati.<\/strong><\/li><\/ul>\n\n\n\n<ul class=\"wp-block-list\"><li><strong>Ispovijed starih i bolesnih po\nobiteljima u na\u0161oj \u017eupi koji ne mogu do\u0107i u crkvu bit \u0107e u ponedjeljak, 8.\ntravnja, od 8:30 sati. Potrebno je bolesne i starije \u010dlanove obitelji za\nispovijed prijaviti u \u017eupnom uredu. U \u010detvrtak, 11. travnja, bit \u0107e velika\npreduskrsna ispovijed u na\u0161oj \u017eupi u 9:00 i u 15:00 sati. Osobito pozivamo\ndjecu i mlade kao i ostale na\u0161e vjernike na ovu ispovijed kada \u0107e na\nraspolaganju biti i vi\u0161e sve\u0107enika.<\/strong><\/li><\/ul>\n\n\n\n<ul class=\"wp-block-list\"><li><strong>Na uskrsni ponedjeljak, 22.\ntravnja ove godine, u 16:30 sati, bit \u0107e biskupsko re\u0111enje mons. Ivana \u0106uri\u0107a u\n\u0111akova\u010dkoj katedrali. Na ovaj va\u017ean crkveni i nadbiskupijski doga\u0111aj\norganiziramo i na\u0161e \u017eupno hodo\u010da\u0161\u0107e. Potrebno je prijaviti se za hodo\u010da\u0161\u0107e u\n\u017eupnom uredu, a cijena puta je 35,00 kn. Prijave primamo do 13. travnja. <\/strong><\/li><\/ul>\n\n\n\n<ul class=\"wp-block-list\"><li><strong>Termini za vezane misne nakane\npopunjeni su do kraja godine. Molimo sve vas koji jo\u0161 nemate \u017eupnu obiteljsku knji\u017eicu\nili je potrebno upisati promjene u postoje\u0107e, da se javite u \u017eupni ured. Kupujte\ni \u010ditajte vjerski tisak. <\/strong><\/li><\/ul>\n","protected":false},"excerpt":{"rendered":"<p>31. o\u017eujka 2019. Slavimo 4. korizmenu nedjelju. Nakon svetih misa prigodna je prodaja svije\u0107a u sklopu projekta Bra\u010dnih i obiteljskih savjetovali\u0161ta i Savjetovali\u0161ta za \u017ertve obiteljskog nasilja \u201eJedna svije\u0107a za svjetlo u obitelji\u201c. Prihodom od prodanih svije\u0107a poma\u017eemo radu stru\u010dnih suradnika za direktnu psiholo\u0161ku pomo\u0107 ljudima u kriznim \u017eivotnim, bra\u010dnim i obiteljskim neprilikama. Prikupljanje prehrambenih <a href=\"https:\/\/svetaobitelj.hr\/?p=772\" class=\"more-link\">[&hellip;]<\/a><\/p>\n","protected":false},"author":2,"featured_media":0,"comment_status":"closed","ping_status":"closed","sticky":false,"template":"","format":"standard","meta":{"footnotes":""},"categories":[3],"tags":[],"class_list":["entry","author-","post-772","post","type-post","status-publish","format-standard","category-zupa"],"_links":{"self":[{"href":"https:\/\/svetaobitelj.hr\/index.php?rest_route=\/wp\/v2\/posts\/772","targetHints":{"allow":["GET"]}}],"collection":[{"href":"https:\/\/svetaobitelj.hr\/index.php?rest_route=\/wp\/v2\/posts"}],"about":[{"href":"https:\/\/svetaobitelj.hr\/index.php?rest_route=\/wp\/v2\/types\/post"}],"author":[{"embeddable":true,"href":"https:\/\/svetaobitelj.hr\/index.php?rest_route=\/wp\/v2\/users\/2"}],"replies":[{"embeddable":true,"href":"https:\/\/svetaobitelj.hr\/index.php?rest_route=%2Fwp%2Fv2%2Fcomments&post=772"}],"version-history":[{"count":2,"href":"https:\/\/svetaobitelj.hr\/index.php?rest_route=\/wp\/v2\/posts\/772\/revisions"}],"predecessor-version":[{"id":787,"href":"https:\/\/svetaobitelj.hr\/index.php?rest_route=\/wp\/v2\/posts\/772\/revisions\/787"}],"wp:attachment":[{"href":"https:\/\/svetaobitelj.hr\/index.php?rest_route=%2Fwp%2Fv2%2Fmedia&parent=772"}],"wp:term":[{"taxonomy":"category","embeddable":true,"href":"https:\/\/svetaobitelj.hr\/index.php?rest_route=%2Fwp%2Fv2%2Fcategories&post=772"},{"taxonomy":"post_tag","embeddable":true,"href":"https:\/\/svetaobitelj.hr\/index.php?rest_route=%2Fwp%2Fv2%2Ftags&post=772"}],"curies":[{"name":"wp","href":"https:\/\/api.w.org\/{rel}","templated":true}]}}