{"id":769,"date":"2019-03-24T19:50:24","date_gmt":"2019-03-24T18:50:24","guid":{"rendered":"http:\/\/svetaobitelj.hr\/?p=769"},"modified":"2020-01-29T21:58:12","modified_gmt":"2020-01-29T20:58:12","slug":"korizmena-duhovna-obnova-volontera-caritasa","status":"publish","type":"post","link":"https:\/\/svetaobitelj.hr\/?p=769","title":{"rendered":"Korizmena Duhovna obnova volontera Caritasa"},"content":{"rendered":"\n<p>U subotu, 23. o\u017eujka 2019. godine u prostorijama Vikarijata, pod geslom &#8220;Djelotvorna ljubav u zajednici&#8221;, odr\u017eana je korizmena Duhovna obnova volontera Caritasa, na kojem je sudjelovalo i devet na\u0161ih \u017eupljana. Voditelj duhovne obnove dr. sc. Antun Japund\u017ei\u0107 podsjetio je nazo\u010dne da je zajedni\u0161tvo u prvoj crkvi zna\u010dilo: biti zajedno, djelovati zajedno, brinuti se jedni za druge. Ljubav prema bli\u017enjemu neodjeljiva je od ljubavi prema Bogu. Isus nije do\u0161ao da bude slu\u017een, nego da slu\u017ei. Budu\u0107i da je ovo vrijeme, vrijeme korizme, potrebno je znati da se nalazimo u povla\u0161tenom vremenu za molitvu. Nakon korizmenog razmatranja nazo\u010dni su imali priliku za ispovijed, a susret je zavr\u0161en svetom misom i prigodnim domjenkom.<\/p>\n\n\n\n<p><\/p>\n\n\n\n<figure class=\"wp-block-image\"><img loading=\"lazy\" decoding=\"async\" width=\"1024\" height=\"1024\" src=\"http:\/\/svetaobitelj.hr\/wp-content\/uploads\/2019\/03\/slika-2-1024x1024.jpg\" alt=\"\" class=\"wp-image-770\" srcset=\"https:\/\/svetaobitelj.hr\/wp-content\/uploads\/2019\/03\/slika-2-1024x1024.jpg 1024w, https:\/\/svetaobitelj.hr\/wp-content\/uploads\/2019\/03\/slika-2-150x150.jpg 150w, https:\/\/svetaobitelj.hr\/wp-content\/uploads\/2019\/03\/slika-2-300x300.jpg 300w, https:\/\/svetaobitelj.hr\/wp-content\/uploads\/2019\/03\/slika-2-768x768.jpg 768w, https:\/\/svetaobitelj.hr\/wp-content\/uploads\/2019\/03\/slika-2.jpg 1920w\" sizes=\"auto, (max-width: 1024px) 100vw, 1024px\" \/><\/figure>\n","protected":false},"excerpt":{"rendered":"<p>U subotu, 23. o\u017eujka 2019. godine u prostorijama Vikarijata, pod geslom &#8220;Djelotvorna ljubav u zajednici&#8221;, odr\u017eana je korizmena Duhovna obnova volontera Caritasa, na kojem je sudjelovalo i devet na\u0161ih \u017eupljana. Voditelj duhovne obnove dr. sc. Antun Japund\u017ei\u0107 podsjetio je nazo\u010dne da je zajedni\u0161tvo u prvoj crkvi zna\u010dilo: biti zajedno, djelovati zajedno, brinuti se jedni za <a href=\"https:\/\/svetaobitelj.hr\/?p=769\" class=\"more-link\">[&hellip;]<\/a><\/p>\n","protected":false},"author":2,"featured_media":0,"comment_status":"closed","ping_status":"closed","sticky":false,"template":"","format":"standard","meta":{"footnotes":""},"categories":[3],"tags":[],"class_list":["entry","author-","post-769","post","type-post","status-publish","format-standard","category-zupa"],"_links":{"self":[{"href":"https:\/\/svetaobitelj.hr\/index.php?rest_route=\/wp\/v2\/posts\/769","targetHints":{"allow":["GET"]}}],"collection":[{"href":"https:\/\/svetaobitelj.hr\/index.php?rest_route=\/wp\/v2\/posts"}],"about":[{"href":"https:\/\/svetaobitelj.hr\/index.php?rest_route=\/wp\/v2\/types\/post"}],"author":[{"embeddable":true,"href":"https:\/\/svetaobitelj.hr\/index.php?rest_route=\/wp\/v2\/users\/2"}],"replies":[{"embeddable":true,"href":"https:\/\/svetaobitelj.hr\/index.php?rest_route=%2Fwp%2Fv2%2Fcomments&post=769"}],"version-history":[{"count":1,"href":"https:\/\/svetaobitelj.hr\/index.php?rest_route=\/wp\/v2\/posts\/769\/revisions"}],"predecessor-version":[{"id":771,"href":"https:\/\/svetaobitelj.hr\/index.php?rest_route=\/wp\/v2\/posts\/769\/revisions\/771"}],"wp:attachment":[{"href":"https:\/\/svetaobitelj.hr\/index.php?rest_route=%2Fwp%2Fv2%2Fmedia&parent=769"}],"wp:term":[{"taxonomy":"category","embeddable":true,"href":"https:\/\/svetaobitelj.hr\/index.php?rest_route=%2Fwp%2Fv2%2Fcategories&post=769"},{"taxonomy":"post_tag","embeddable":true,"href":"https:\/\/svetaobitelj.hr\/index.php?rest_route=%2Fwp%2Fv2%2Ftags&post=769"}],"curies":[{"name":"wp","href":"https:\/\/api.w.org\/{rel}","templated":true}]}}