{"id":767,"date":"2019-03-24T19:39:47","date_gmt":"2019-03-24T18:39:47","guid":{"rendered":"http:\/\/svetaobitelj.hr\/?p=767"},"modified":"2020-01-29T21:58:12","modified_gmt":"2020-01-29T20:58:12","slug":"zupne-obavijesti-3-korizmena-nedjelja","status":"publish","type":"post","link":"https:\/\/svetaobitelj.hr\/?p=767","title":{"rendered":"\u017dupne obavijesti: 3. korizmena nedjelja"},"content":{"rendered":"\n<p>\u00a0<\/p>\n\n\n\n<p><strong>24. o\u017eujka 2019.<\/strong><\/p>\n\n\n\n<ul class=\"wp-block-list\"><li><strong>Slavimo 3. korizmenu nedjelju. Nakon\nsvetih misa skupljamo nov\u010dane priloge za na\u0161u bra\u0107u i sestre u Bosni i Hercegovini\ns kojima \u017eelimo biti materijalno, molitveno i duhovno povezani. Sutra\nslavimo Navje\u0161tenje Gospodinovo \u2013 Blagovijest. Svete mise su u 7:30 i 18:30\nsati. Nakon ve\u010dernje svete mise bit \u0107e biblijski sat. Po preporuci Hrvatske\nbiskupske konferencije, svaka \u017eupa pozvana je od Blagovijesti pa do Bo\u017ei\u0107a\nmoliti devetnicu pod nazivom \u201eHrvatska moli za \u017eivot\u201c. Na\u0161 nas nadbiskup poziva\nda i u \u017eupama na\u0161e nadbiskupije molimo na tu nakanu svakog 25. u mjesecu\ntijekom devet mjeseci. U na\u0161oj \u0107emo \u017eupi moliti prije ve\u010dernje svete mise u\n18:30 sati O\u010de na\u0161, 3 x Zdravo Marijo, Slava Ocu te molitve za \u017eivot pape\nBenedikta XVI i sv. pape Ivana Pavla II. Nakon toga slijedit \u0107e sveta misa pod\nkojom \u0107emo moliti u molitvi vjernika da na\u0161 narod postane narod \u017eivota, a na\nkraju svete mise bit \u0107e blagoslov trudnica. Nadamo se da \u0107emo kao \u017eupljani\ni&nbsp; vjernici sudjelovati u ovim molitvama.\n<\/strong><\/li><\/ul>\n\n\n\n<ul class=\"wp-block-list\"><li><strong>U utorak je u 18:15 pobo\u017enost\n13 utoraka na \u010dast sv. Antunu Padovanskom. Srijedom i petkom je\npobo\u017enost kri\u017enog puta u 18:00 sati. Dekanatski susret bra\u010dnih parova bit \u0107e u petak\nu Vikarijatu s po\u010detkom u 19:30 sati. Tema susreta je \u201e\u017divjeti i sanjati\u201c, a\nvoditelj je dr. sc. Josip Bo\u0161njakovi\u0107, psihoterapeut i sve\u0107enik. U subotu\nje u \u0110akovu na KBF-u Seminar za \u010dita\u010de, voditelje i \u010dlanove biblijskih skupina.\nSeminar zapo\u010dinje u 9:00 sati. Zainteresirani neka se jave u \u017eupni ured do\n\u010detvrtka radi prijave za sudjelovanje. Tako\u0111er u subotu, s po\u010detkom u\n14:00 sati, \u010dlanovi Odbora za karitativnu djelatnost pri \u017dPV-u pozivaju na novi\nsusret usamljenih i starijih osoba iz na\u0161e \u017eupe u vjeronau\u010dnu dvoranu. Ovi mjese\u010dni\nsusreti su osmi\u0161ljeni da molitvom i dru\u017eenjem provedemo ugodne trenutke u\nzajedni\u0161tvu. Sljede\u0107e nedjelje slavimo \u010detvrtu korizmenu nedjelju. Nakon\nsvetih misa bit \u0107e prigodna prodaja svije\u0107a u sklopu projekta Bra\u010dnih i\nobiteljskih savjetovali\u0161ta i Savjetovali\u0161ta za \u017ertve obiteljskog nasilja \u201eJedna\nsvije\u0107a za svjetlo u obitelji\u201c. Prihodom od prodanih svije\u0107a poma\u017eemo radu\nstru\u010dnih suradnika za direktnu psiholo\u0161ku pomo\u0107 ljudima u kriznim \u017eivotnim,\nbra\u010dnim i obiteljskim neprilikama.<\/strong><\/li><\/ul>\n\n\n\n<ul class=\"wp-block-list\"><li><strong>Do kraja mjeseca o\u017eujka prikupljanje\nje nov\u010danih sredstava za Nadbiskupijsku zakladu \u201eDr. Nikola Dogan\u201c \u201e75 za 1\u201c\nkoja stipendira u\u010denike i studente slabijeg imovnog stanja s podru\u010dja\nNadbiskupije. Prikupljanje prehrambenih proizvoda i higijenskih potrep\u0161tina za\npotrebite na\u0161e \u017dupe bit \u0107e u razdoblju izme\u0111u \u010detvrte korizmene nedjelje i\nCvjetnice. Caritas na\u0161e Nadbiskupije u Osje\u010dkom isto\u010dnom, Osje\u010dkom zapadnom i\n\u010cepinskom dekanatu i ove korizme provodi projekt &#8220;Bla\u017eenije je davati nego\nprimati&#8221; kako bi se pomoglo Pu\u010dkoj kuhinji u Osijeku kao i Centru za\nprihvat besku\u0107nika. Caritas Nadbiskupije i ove godine nastavlja sa projektom\n\u201eDje\u010dja ko\u0161arica \u2013 Uskrs 2019.\u201c \u010dime svojim nov\u010danim prilozima te hranom,\nhigijenskim i dje\u010djim potrep\u0161tinama poma\u017eemo Caritasov Centar za majku i\ndijete. Svoje darove mo\u017eete donijeti u \u017eupni ured.<\/strong><\/li><\/ul>\n\n\n\n<ul class=\"wp-block-list\"><li><strong>Dekanatski kri\u017eni put obitelji\nbit \u0107e u nedjelju, 7. travnja u Aljma\u0161u s po\u010detkom u 16:00 sati.<\/strong><\/li><\/ul>\n\n\n\n<ul class=\"wp-block-list\"><li><strong>Molimo sve vas koji jo\u0161 nemate\n\u017eupnu obiteljsku knji\u017eicu ili je potrebno upisati promjene u postoje\u0107e, da se\njavite u \u017eupni ured. Kupujte i \u010ditajte vjerski tisak. <\/strong><\/li><\/ul>\n","protected":false},"excerpt":{"rendered":"<p>\u00a0 24. o\u017eujka 2019. Slavimo 3. korizmenu nedjelju. Nakon svetih misa skupljamo nov\u010dane priloge za na\u0161u bra\u0107u i sestre u Bosni i Hercegovini s kojima \u017eelimo biti materijalno, molitveno i duhovno povezani. Sutra slavimo Navje\u0161tenje Gospodinovo \u2013 Blagovijest. Svete mise su u 7:30 i 18:30 sati. Nakon ve\u010dernje svete mise bit \u0107e biblijski sat. Po <a href=\"https:\/\/svetaobitelj.hr\/?p=767\" class=\"more-link\">[&hellip;]<\/a><\/p>\n","protected":false},"author":2,"featured_media":0,"comment_status":"closed","ping_status":"closed","sticky":false,"template":"","format":"standard","meta":{"footnotes":""},"categories":[3],"tags":[],"class_list":["entry","author-","post-767","post","type-post","status-publish","format-standard","category-zupa"],"_links":{"self":[{"href":"https:\/\/svetaobitelj.hr\/index.php?rest_route=\/wp\/v2\/posts\/767","targetHints":{"allow":["GET"]}}],"collection":[{"href":"https:\/\/svetaobitelj.hr\/index.php?rest_route=\/wp\/v2\/posts"}],"about":[{"href":"https:\/\/svetaobitelj.hr\/index.php?rest_route=\/wp\/v2\/types\/post"}],"author":[{"embeddable":true,"href":"https:\/\/svetaobitelj.hr\/index.php?rest_route=\/wp\/v2\/users\/2"}],"replies":[{"embeddable":true,"href":"https:\/\/svetaobitelj.hr\/index.php?rest_route=%2Fwp%2Fv2%2Fcomments&post=767"}],"version-history":[{"count":1,"href":"https:\/\/svetaobitelj.hr\/index.php?rest_route=\/wp\/v2\/posts\/767\/revisions"}],"predecessor-version":[{"id":768,"href":"https:\/\/svetaobitelj.hr\/index.php?rest_route=\/wp\/v2\/posts\/767\/revisions\/768"}],"wp:attachment":[{"href":"https:\/\/svetaobitelj.hr\/index.php?rest_route=%2Fwp%2Fv2%2Fmedia&parent=767"}],"wp:term":[{"taxonomy":"category","embeddable":true,"href":"https:\/\/svetaobitelj.hr\/index.php?rest_route=%2Fwp%2Fv2%2Fcategories&post=767"},{"taxonomy":"post_tag","embeddable":true,"href":"https:\/\/svetaobitelj.hr\/index.php?rest_route=%2Fwp%2Fv2%2Ftags&post=767"}],"curies":[{"name":"wp","href":"https:\/\/api.w.org\/{rel}","templated":true}]}}