{"id":757,"date":"2019-03-16T12:51:22","date_gmt":"2019-03-16T11:51:22","guid":{"rendered":"http:\/\/svetaobitelj.hr\/?p=757"},"modified":"2020-01-29T21:58:13","modified_gmt":"2020-01-29T20:58:13","slug":"zupne-obavijesti-2-korizmena-nedjelja","status":"publish","type":"post","link":"https:\/\/svetaobitelj.hr\/?p=757","title":{"rendered":"\u017dupne obavijesti: 2. korizmena nedjelja"},"content":{"rendered":"\n<p><\/p>\n\n\n\n<p><strong>17. o\u017eujka 2019.<\/strong><\/p>\n\n\n\n<ul class=\"wp-block-list\"><li><strong>Slavimo 2. korizmenu nedjelju. Redoviti\nsusret Mjesnoga bratstva OFS-a je u 16:30 sati. <\/strong><\/li><\/ul>\n\n\n\n<ul class=\"wp-block-list\"><li><strong>Sutra<\/strong><strong> zapo\u010dinje Tjedan solidarnosti i\nzajedni\u0161tva s Crkvom i ljudima u Bosni i Hercegovini pod geslom \u201eBudite slo\u017eni\ni \u017eivite u miru (2Kor 13,11)\u201c, koji zavr\u0161ava sljede\u0107e nedjelje. Sutra se\nspominjemo i godi\u0161njice smrti Sluge Bo\u017ejega fra Vendelina Vo\u0161njaka, osniva\u010da\nna\u0161e Hrvatske franjeva\u010dke provincije sv. \u0106irila i Metoda, koji je umro 18.\no\u017eujka 1933. godine. Molimo da bude progla\u0161en bla\u017eenim. Nakon ve\u010dernje svete\nmise bit \u0107e biblijski sat. U Vikarijatu je, s po\u010detkom u 19:30 sati,\n\u201eBiblijsko-molitvena ve\u010der\u201c pod vodstvom vl\u010d. Kre\u0161imira Bulata. U utorak\nslavimo svetog Josipa, zaru\u010dnika BDM. Svete mise su u 7:30 i 18:30 sati. U 18:15\nzapo\u010dinje pobo\u017enost 13 utoraka na \u010dast sv. Antunu Padovanskom. Srijedom i\npetkom je pobo\u017enost kri\u017enog puta u 18:00 sati. Susret roditelja\novogodi\u0161njih prvopri\u010desnika i krizmanika bit \u0107e u srijedu, 20. o\u017eujka.\nSusret zapo\u010dinje pobo\u017eno\u0161\u0107u kri\u017enoga puta u 18:00 sati, nastavlja se svetom\nmisom te nakon mise. U \u010detvrtak je susret \u010dlanova Sch\u00f6nstatske obitelj\nnakon ve\u010dernje svete mise, a u Vikarijatu je, s po\u010detkom u 19:30 sati,\n\u201eSocijalni \u010detvrtak\u201c pod vodstvom mr. Igora Jakobfija. U subotu je u\nVikarijatu, s po\u010detkom u 9:00 sati korizmena duhovna obnova za animatora i\nsuradnike \u017eupnih i dekanatskih karitativnih skupina te za \u010dlanove Odbora za\nkaritativnu djelatnost unutar \u017eupnih pastoralnih vije\u0107a.<\/strong><\/li><\/ul>\n\n\n\n<ul class=\"wp-block-list\"><li><strong>Sljede\u0107e nedjelje slavimo tre\u0107u\nkorizmenu nedjelju. Zavr\u0161ava Tjedan solidarnosti i zajedni\u0161tva s Crkvom i\nljudima u Bosni i Hercegovini kada \u0107emo nakon svetih misa skupljati nov\u010dane\npriloge za na\u0161u bra\u0107u i sestre s kojima \u017eelimo biti materijalno, molitveno i\nduhovno povezani. &nbsp;<\/strong><\/li><\/ul>\n\n\n\n<ul class=\"wp-block-list\"><li><strong>Na oglasnoj plo\u010di imate raspored\nkorizmenih tribina srijedom u Vikarijatu. U tijeku je prikupljanje nov\u010danih\nsredstava za Nadbiskupijsku zakladu \u201eDr. Nikola Dogan\u201c \u201e75 za 1\u201c koja\nstipendira u\u010denike i studente slabijeg imovnog stanja s podru\u010dja Nadbiskupije. Svoje\nnov\u010dane priloge mo\u017eete donositi u \u017eupni ured u uredovno vrijeme. Prikupljanje\nprehrambenih proizvoda i higijenskih potrep\u0161tina za potrebite na\u0161e \u017dupe bit \u0107e\nu razdoblju izme\u0111u \u010detvrte korizmene nedjelje i Cvjetnice. <\/strong><\/li><\/ul>\n\n\n\n<ul class=\"wp-block-list\"><li><strong>Pastoralni pohod pape Franje\ngradu Skopju u Sjevernoj Makedoniji bit \u0107e u utorak, 7. svibnja ove godine. Na\nsusret sa Svetim Ocem u Skopje poziva i nas iz Hrvatske doma\u0107in pohoda, biskup\nu Skopju mons. Kiro Stojanov. Na\u0161 nas nadbiskup mons. \u0110uro Hrani\u0107 poti\u010de i\npoziva da se pridru\u017eimo hodo\u010da\u0161\u0107u i susretu sa Svetim Ocem. Sve potrebne\nobavijesti bit \u0107e na posebnoj mre\u017enoj stranici \u201ePapa u Makedoniji\u201c. Za\ninformacije i poja\u0161njenja bit \u0107e na raspolaganju Sredi\u0161nji ured na\u0161eg\nPastoralnog centra u \u0110akovu (tel. 031\/802-227; e-mail: <em>pastoralni.centar@djos.hr<\/em>). <\/strong><\/li><\/ul>\n\n\n\n<ul class=\"wp-block-list\"><li><strong>Molimo sve vas koji jo\u0161 nemate\n\u017eupnu obiteljsku knji\u017eicu ili je potrebno upisati promjene u postoje\u0107e, da se\njavite u \u017eupni ured. Kupujte i \u010ditajte vjerski tisak. <\/strong><\/li><\/ul>\n","protected":false},"excerpt":{"rendered":"<p>17. o\u017eujka 2019. Slavimo 2. korizmenu nedjelju. Redoviti susret Mjesnoga bratstva OFS-a je u 16:30 sati. Sutra zapo\u010dinje Tjedan solidarnosti i zajedni\u0161tva s Crkvom i ljudima u Bosni i Hercegovini pod geslom \u201eBudite slo\u017eni i \u017eivite u miru (2Kor 13,11)\u201c, koji zavr\u0161ava sljede\u0107e nedjelje. Sutra se spominjemo i godi\u0161njice smrti Sluge Bo\u017ejega fra Vendelina Vo\u0161njaka, <a href=\"https:\/\/svetaobitelj.hr\/?p=757\" class=\"more-link\">[&hellip;]<\/a><\/p>\n","protected":false},"author":2,"featured_media":0,"comment_status":"closed","ping_status":"closed","sticky":false,"template":"","format":"standard","meta":{"footnotes":""},"categories":[3],"tags":[],"class_list":["entry","author-","post-757","post","type-post","status-publish","format-standard","category-zupa"],"_links":{"self":[{"href":"https:\/\/svetaobitelj.hr\/index.php?rest_route=\/wp\/v2\/posts\/757","targetHints":{"allow":["GET"]}}],"collection":[{"href":"https:\/\/svetaobitelj.hr\/index.php?rest_route=\/wp\/v2\/posts"}],"about":[{"href":"https:\/\/svetaobitelj.hr\/index.php?rest_route=\/wp\/v2\/types\/post"}],"author":[{"embeddable":true,"href":"https:\/\/svetaobitelj.hr\/index.php?rest_route=\/wp\/v2\/users\/2"}],"replies":[{"embeddable":true,"href":"https:\/\/svetaobitelj.hr\/index.php?rest_route=%2Fwp%2Fv2%2Fcomments&post=757"}],"version-history":[{"count":2,"href":"https:\/\/svetaobitelj.hr\/index.php?rest_route=\/wp\/v2\/posts\/757\/revisions"}],"predecessor-version":[{"id":759,"href":"https:\/\/svetaobitelj.hr\/index.php?rest_route=\/wp\/v2\/posts\/757\/revisions\/759"}],"wp:attachment":[{"href":"https:\/\/svetaobitelj.hr\/index.php?rest_route=%2Fwp%2Fv2%2Fmedia&parent=757"}],"wp:term":[{"taxonomy":"category","embeddable":true,"href":"https:\/\/svetaobitelj.hr\/index.php?rest_route=%2Fwp%2Fv2%2Fcategories&post=757"},{"taxonomy":"post_tag","embeddable":true,"href":"https:\/\/svetaobitelj.hr\/index.php?rest_route=%2Fwp%2Fv2%2Ftags&post=757"}],"curies":[{"name":"wp","href":"https:\/\/api.w.org\/{rel}","templated":true}]}}