{"id":753,"date":"2019-03-09T08:13:00","date_gmt":"2019-03-09T07:13:00","guid":{"rendered":"http:\/\/svetaobitelj.hr\/?p=753"},"modified":"2020-01-29T21:58:13","modified_gmt":"2020-01-29T20:58:13","slug":"zupne-obavijesti-1-korizmena-nedjelja","status":"publish","type":"post","link":"https:\/\/svetaobitelj.hr\/?p=753","title":{"rendered":"\u017dupne obavijesti: 1. korizmena nedjelja"},"content":{"rendered":"\n<ul class=\"wp-block-list\"><li><strong>Slavimo 1. korizmenu nedjelju. Nakon\nsvetih misa skupljamo nov\u010dane priloge za obnovu Ku\u0107e susreta Tabor u Samoboru. U\nutorak je Vikarijatu je, s po\u010detkom u 19:30 sati, molitveno-katehetski\nsusret za starije od 35 godina. Tema susreta je \u201ePlodovi Duha Svetoga\u201c, a\nvoditelj je p. Sebastijan \u0160ujevi\u0107. U isto vrijeme, tako\u0111er u Vikarijatu, bit \u0107e\ni predavanje akademika Stjepana Damjanovi\u0107a pod naslovom \u201eGlagolji\u010dna\nsastavnica hrvatske kulture\u201c, u sklopu nacionalne akcije \u201eDani hrvatskoga\njezika\u201c. Srijedom i petkom je pobo\u017enost kri\u017enog puta u 18:00 sati.\nObvezatan nemrs je petkom. U srijedu je u Vikarijatu dekanatski susret\nsve\u0107enika i \u010dlanova Odbora za navije\u0161tanje \u017dPV-a u 19:30 sati. Sljede\u0107e\nnedjelje slavimo drugu korizmenu nedjelju. Nakon svetih misa \u010dasne sestre\nzajednice Marijinih sestara od \u010cudotvorne medaljice iz Osijeka imat \u0107e prodajnu\nakciju za potrebe misija. Redoviti susret Mjesnoga bratstva OFS-a bit \u0107e u\n16:30 sati. <\/strong><\/li><\/ul>\n\n\n\n<ul class=\"wp-block-list\"><li><strong>Na oglasnoj plo\u010di imate raspored\nkorizmenih tribina srijedom u Vikarijatu. U tijeku je prikupljanje nov\u010danih\nsredstava za Nadbiskupijsku zakladu \u201eDr. Nikola Dogan\u201c \u201e75 za 1\u201c koja\nstipendira u\u010denike i studente slabijeg imovnog stanja s podru\u010dja Nadbiskupije. Svoje\nnov\u010dane priloge mo\u017eete donositi u \u017eupni ured u uredovno vrijeme. <\/strong><\/li><\/ul>\n\n\n\n<ul class=\"wp-block-list\"><li><strong>Prikupljanje prehrambenih\nproizvoda i higijenskih potrep\u0161tina za potrebite na\u0161e \u017dupe bit \u0107e u razdoblju\nizme\u0111u \u010detvrte korizmene nedjelje i Cvjetnice, a tko \u017eeli mo\u017ee uzeti caritasove\nkutijice te stavljati svoj dar u njih i donijeti ih u crkvu na Cvjetnicu. <\/strong><\/li><\/ul>\n\n\n\n<ul class=\"wp-block-list\"><li><strong>Susret roditelja ovogodi\u0161njih\nprvopri\u010desnika i krizmanika bit \u0107e u srijedu, 20. o\u017eujka. Susret zapo\u010dinje\npobo\u017eno\u0161\u0107u kri\u017enoga puta u 18:00 sati, nastavlja se svetom misom te nakon mise.<\/strong><\/li><\/ul>\n\n\n\n<ul class=\"wp-block-list\"><li><strong>\u010cetrnaesti nadbiskupijski kri\u017eni\nput za mlade bit \u0107e 6. travnja ove godine. Zapo\u010dinje u Sibinju u 9:00 sati, nastavak\nje preko Groma\u010dnika, Brodskog Varo\u0161a, Slavonskog Broda (Kolonija, Budainka),\nPodvinja, a zavr\u0161ava svetom misom oko 18:00 sati u \u017eupnoj crkvi Gospe Brze\npomo\u0107i u Slavonskom Brodu. Put je oko 23 km, a sudionici (mladi srednjo\u0161kolske\ndobi i stariji) neka se prijave u \u017eupni ured najkasnije do 21. o\u017eujka gdje \u0107ete\ndobiti vi\u0161e informacija.<\/strong><\/li><\/ul>\n\n\n\n<ul class=\"wp-block-list\"><li><strong>Pastoralni pohod pape Franje\ngradu Skopju u Sjevernoj Makedoniji bit \u0107e u utorak, 7. svibnja ove godine. Na\nsusret sa Svetim Ocem u Skopje poziva i nas iz Hrvatske doma\u0107in pohoda, biskup\nu Skopju mons. Kiro Stojanov. Na\u0161 nas nadbiskup mons. \u0110uro Hrani\u0107 poti\u010de i\npoziva da se pridru\u017eimo hodo\u010da\u0161\u0107u i susretu sa Svetim Ocem. Sve potrebne\nobavijesti bit \u0107e na posebnoj mre\u017enoj stranici \u201ePapa u Makedoniji\u201c. Za\ninformacije i poja\u0161njenja bit \u0107e na raspolaganju Sredi\u0161nji ured na\u0161eg\nPastoralnog centra u \u0110akovu (tel. 031\/802-227; e-mail: <em>pastoralni.centar@djos.hr<\/em>). <\/strong><\/li><\/ul>\n\n\n\n<ul class=\"wp-block-list\"><li><strong>Molimo sve vas koji jo\u0161 nemate\n\u017eupnu obiteljsku knji\u017eicu ili je potrebno upisati promjene u postoje\u0107e, da se\njavite u \u017eupni ured. Kupujte i \u010ditajte vjerski tisak. <\/strong><\/li><\/ul>\n","protected":false},"excerpt":{"rendered":"<p>Slavimo 1. korizmenu nedjelju. Nakon svetih misa skupljamo nov\u010dane priloge za obnovu Ku\u0107e susreta Tabor u Samoboru. U utorak je Vikarijatu je, s po\u010detkom u 19:30 sati, molitveno-katehetski susret za starije od 35 godina. Tema susreta je \u201ePlodovi Duha Svetoga\u201c, a voditelj je p. Sebastijan \u0160ujevi\u0107. U isto vrijeme, tako\u0111er u Vikarijatu, bit \u0107e i <a href=\"https:\/\/svetaobitelj.hr\/?p=753\" class=\"more-link\">[&hellip;]<\/a><\/p>\n","protected":false},"author":2,"featured_media":0,"comment_status":"closed","ping_status":"closed","sticky":false,"template":"","format":"standard","meta":{"footnotes":""},"categories":[3],"tags":[],"class_list":["entry","author-","post-753","post","type-post","status-publish","format-standard","category-zupa"],"_links":{"self":[{"href":"https:\/\/svetaobitelj.hr\/index.php?rest_route=\/wp\/v2\/posts\/753","targetHints":{"allow":["GET"]}}],"collection":[{"href":"https:\/\/svetaobitelj.hr\/index.php?rest_route=\/wp\/v2\/posts"}],"about":[{"href":"https:\/\/svetaobitelj.hr\/index.php?rest_route=\/wp\/v2\/types\/post"}],"author":[{"embeddable":true,"href":"https:\/\/svetaobitelj.hr\/index.php?rest_route=\/wp\/v2\/users\/2"}],"replies":[{"embeddable":true,"href":"https:\/\/svetaobitelj.hr\/index.php?rest_route=%2Fwp%2Fv2%2Fcomments&post=753"}],"version-history":[{"count":2,"href":"https:\/\/svetaobitelj.hr\/index.php?rest_route=\/wp\/v2\/posts\/753\/revisions"}],"predecessor-version":[{"id":755,"href":"https:\/\/svetaobitelj.hr\/index.php?rest_route=\/wp\/v2\/posts\/753\/revisions\/755"}],"wp:attachment":[{"href":"https:\/\/svetaobitelj.hr\/index.php?rest_route=%2Fwp%2Fv2%2Fmedia&parent=753"}],"wp:term":[{"taxonomy":"category","embeddable":true,"href":"https:\/\/svetaobitelj.hr\/index.php?rest_route=%2Fwp%2Fv2%2Fcategories&post=753"},{"taxonomy":"post_tag","embeddable":true,"href":"https:\/\/svetaobitelj.hr\/index.php?rest_route=%2Fwp%2Fv2%2Ftags&post=753"}],"curies":[{"name":"wp","href":"https:\/\/api.w.org\/{rel}","templated":true}]}}