{"id":739,"date":"2019-03-02T08:49:35","date_gmt":"2019-03-02T07:49:35","guid":{"rendered":"http:\/\/svetaobitelj.hr\/?p=739"},"modified":"2020-01-29T21:58:13","modified_gmt":"2020-01-29T20:58:13","slug":"zupne-obavijesti-8-nedjelja-kroz-godinu","status":"publish","type":"post","link":"https:\/\/svetaobitelj.hr\/?p=739","title":{"rendered":"\u017dupne obavijesti: 8. nedjelja kroz godinu"},"content":{"rendered":"\n<p style=\"text-align:left\">8. NEDJELJA KROZ GODINU<\/p>\n\n\n\n<ul class=\"wp-block-list\"><li><strong>Danas slavimo osmu nedjelju kroz\ngodinu. Ujedno je prva nedjelja u mjesecu kada se svojim molitvama i nov\u010danim\nprilozima sje\u0107amo na\u0161ih odgojnih ustanova \u2013 sjemeni\u0161ta te molimo za duhovna\nzvanja. Svoj nov\u010dani dar za sjemeni\u0161ta mo\u017eete dati nakon svetih misa na izlazu\niz crkve. Redoviti susret Mjesnoga bratstva OFS-a je u 16:30 sati.<\/strong><\/li><\/ul>\n\n\n\n<ul class=\"wp-block-list\"><li><strong>Sutra je biblijski sat nakon\nve\u010dernje svete mise. U Vikarijatu je \u201eBiblijski ponedjeljak\u201c pod vodstvom s.\nSilvane Fu\u017einato s po\u010detkom u 19:30 sati.<\/strong><\/li><\/ul>\n\n\n\n<ul class=\"wp-block-list\"><li><strong>U srijedu slavimo \u010cistu srijedu\nili Pepelnicu. Svete mise su u 7:30 i 18:30 sati kada \u0107e biti i pepeljenje. Obvezatan\nje post i nemrs. Zapo\u010dinje korizmeno vrijeme u liturgijskoj ili crkvenoj\ngodini. Pobo\u017enost kri\u017enoga puta u korizmi je srijedom i petkom u 18:00 sati, a\nnemrs je petkom. U korizmi ne\u0107e biti klanjanja pred Presvetim. Korizma je\nvrijeme molitve, pokore i djelotvorne ljubavi. Prikupljanje prehrambenih\nproizvoda i higijenskih potrep\u0161tina za potrebite na\u0161e \u017dupe bit \u0107e u razdoblju\nizme\u0111u \u010detvrte korizmene nedjelje i Cvjetnice, a tko \u017eeli mo\u0107i \u0107e uzeti\nsljede\u0107e nedjelje caritasove kutijice te stavljati svoj dar u njih i donijeti\nih u crkvu na Cvjetnicu.<\/strong><\/li><\/ul>\n\n\n\n<ul class=\"wp-block-list\"><li><strong>U \u010detvrtak je u Vikarijatu, s\npo\u010detkom u 19:30 sati, \u201eSocijalni \u010detvrtak\u201c pod vodstvom mr. Igora Jakobfija.<\/strong><\/li><\/ul>\n\n\n\n<ul class=\"wp-block-list\"><li><strong>U subotu je u 18:15 pobo\u017enost na\n\u010dast bl. Marije Petkovi\u0107. <\/strong><\/li><\/ul>\n\n\n\n<ul class=\"wp-block-list\"><li><strong>Sljede\u0107e nedjelje slavimo prvu\nkorizmenu nedjelju. Nakon svetih misa skupljat \u0107emo nov\u010dane priloge za obnovu\nKu\u0107e susreta Tabor u Samoboru.<\/strong><\/li><\/ul>\n\n\n\n<ul class=\"wp-block-list\"><li><strong>Caritas na\u0161e Nadbiskupije pro\u0161le\nje godine obilje\u017eio 75 godina postojanja te je tom prigodom najavljen projekt\n\u201e75 za 1\u201c. Cilj tog projekta je prikupljati nov\u010dana sredstva za Nadbiskupijsku\nzakladu \u201eDr. Nikola Dogan\u201c koja stipendira u\u010denike i studente slabijeg imovnog\nstanja s podru\u010dja Nadbiskupije. U nazivu projekta broj 75 ozna\u010dava godine\npostojanja Nadbiskupijskog Caritasa, odnosno broj darovatelja u jednoj \u017eupi, a\n1 ozna\u010dava jednu mjese\u010dnu stipendiju za jednog u\u010denika ili studenta. Potrebno\nje u svakoj \u017eupi prona\u0107i barem 75 obitelji ili pojedinaca koji \u017eele darovati 20\nkuna u svrhu projekta. Jasno da se mo\u017ee darovati i vi\u0161e i da mo\u017ee biti i vi\u0161e\nobitelji ili pojedinaca. Vremenski period skupljanja je mjesec o\u017eujak ove\ngodine. Svoje nov\u010dane priloge mo\u017eete donositi u \u017eupni ured u uredovno vrijeme. <\/strong><\/li><\/ul>\n\n\n\n<ul class=\"wp-block-list\"><li><strong>Susret roditelja ovogodi\u0161njih\nprvopri\u010desnika i krizmanika bit \u0107e u srijedu, 20. o\u017eujka. Susret zapo\u010dinje\npobo\u017eno\u0161\u0107u kri\u017enoga puta u 18:00 sati, nastavlja se svetom misom te nakon mise.<\/strong><\/li><\/ul>\n\n\n\n<ul class=\"wp-block-list\"><li><strong>Molimo sve\nvas koji jo\u0161 nemate \u017eupnu obiteljsku knji\u017eicu ili je potrebno upisati promjene\nu postoje\u0107e, da se javite u \u017eupni ured.<\/strong><strong> <\/strong><\/li><\/ul>\n\n\n\n<ul class=\"wp-block-list\"><li><strong>Kupujte i \u010ditajte vjerski tisak.<\/strong><\/li><\/ul>\n","protected":false},"excerpt":{"rendered":"<p>8. NEDJELJA KROZ GODINU Danas slavimo osmu nedjelju kroz godinu. Ujedno je prva nedjelja u mjesecu kada se svojim molitvama i nov\u010danim prilozima sje\u0107amo na\u0161ih odgojnih ustanova \u2013 sjemeni\u0161ta te molimo za duhovna zvanja. Svoj nov\u010dani dar za sjemeni\u0161ta mo\u017eete dati nakon svetih misa na izlazu iz crkve. Redoviti susret Mjesnoga bratstva OFS-a je u <a href=\"https:\/\/svetaobitelj.hr\/?p=739\" class=\"more-link\">[&hellip;]<\/a><\/p>\n","protected":false},"author":2,"featured_media":0,"comment_status":"closed","ping_status":"closed","sticky":false,"template":"","format":"standard","meta":{"footnotes":""},"categories":[3],"tags":[],"class_list":["entry","author-","post-739","post","type-post","status-publish","format-standard","category-zupa"],"_links":{"self":[{"href":"https:\/\/svetaobitelj.hr\/index.php?rest_route=\/wp\/v2\/posts\/739","targetHints":{"allow":["GET"]}}],"collection":[{"href":"https:\/\/svetaobitelj.hr\/index.php?rest_route=\/wp\/v2\/posts"}],"about":[{"href":"https:\/\/svetaobitelj.hr\/index.php?rest_route=\/wp\/v2\/types\/post"}],"author":[{"embeddable":true,"href":"https:\/\/svetaobitelj.hr\/index.php?rest_route=\/wp\/v2\/users\/2"}],"replies":[{"embeddable":true,"href":"https:\/\/svetaobitelj.hr\/index.php?rest_route=%2Fwp%2Fv2%2Fcomments&post=739"}],"version-history":[{"count":2,"href":"https:\/\/svetaobitelj.hr\/index.php?rest_route=\/wp\/v2\/posts\/739\/revisions"}],"predecessor-version":[{"id":747,"href":"https:\/\/svetaobitelj.hr\/index.php?rest_route=\/wp\/v2\/posts\/739\/revisions\/747"}],"wp:attachment":[{"href":"https:\/\/svetaobitelj.hr\/index.php?rest_route=%2Fwp%2Fv2%2Fmedia&parent=739"}],"wp:term":[{"taxonomy":"category","embeddable":true,"href":"https:\/\/svetaobitelj.hr\/index.php?rest_route=%2Fwp%2Fv2%2Fcategories&post=739"},{"taxonomy":"post_tag","embeddable":true,"href":"https:\/\/svetaobitelj.hr\/index.php?rest_route=%2Fwp%2Fv2%2Ftags&post=739"}],"curies":[{"name":"wp","href":"https:\/\/api.w.org\/{rel}","templated":true}]}}