{"id":732,"date":"2019-02-23T13:02:19","date_gmt":"2019-02-23T12:02:19","guid":{"rendered":"http:\/\/svetaobitelj.hr\/?p=732"},"modified":"2020-01-29T21:58:13","modified_gmt":"2020-01-29T20:58:13","slug":"zupne-obavijesti-7-nedjelja-kroz-godinu","status":"publish","type":"post","link":"https:\/\/svetaobitelj.hr\/?p=732","title":{"rendered":"\u017dupne obavijesti: 7. nedjelja kroz godinu"},"content":{"rendered":"\n<p><\/p>\n\n\n\n<ul class=\"wp-block-list\"><li><strong>Danas slavimo sedmu nedjelju kroz\ngodinu. <\/strong><\/li><\/ul>\n\n\n\n<ul class=\"wp-block-list\"><li><strong>Sutra je biblijski sat nakon\nve\u010dernje svete mise.<\/strong><\/li><\/ul>\n\n\n\n<ul class=\"wp-block-list\"><li><strong>U srijedu je nakon ve\u010dernje svete\nmise susret \u010dlanova Sch\u00f6nstatske obitelji.<\/strong><\/li><\/ul>\n\n\n\n<ul class=\"wp-block-list\"><li><strong>Ovaj tjedan su prvi petak i\nsubota u mjesecu. U petak je pobo\u017enost devet prvih petaka u 18:00 sati. U\nsubotu pod ve\u010dernjom svetom misom molimo za duhovna zvanja, a nakon mise je\nklanjanje pred Presvetim. <\/strong><\/li><\/ul>\n\n\n\n<ul class=\"wp-block-list\"><li><strong>Tradicionalni susret Runovi\u0107ana\nbit \u0107e u petak, 1. o\u017eujka, koji zapo\u010dinje svetom misom u franjeva\u010dkoj crkvi u\nTvr\u0111i u 18:00 sati, a predslavi je fra Mladen Proli\u0107, runovi\u0107ki \u017eupnik.<\/strong><\/li><\/ul>\n\n\n\n<ul class=\"wp-block-list\"><li><strong>Sljede\u0107e nedjelje slavimo osmu\nnedjelju kroz godinu. Ujedno je i prva nedjelja u mjesecu kada se svojim\nmolitvama i nov\u010danim prilozima sje\u0107amo na\u0161ih odgojnih ustanova \u2013 sjemeni\u0161ta te\nmolimo za duhovna zvanja. Pod jutarnjom svetom misom molimo za dobro\u010dinitelje\nove na\u0161e crkve i samostana. Redoviti susret Mjesnoga bratstva OFS-a bit \u0107e u\n16:30 sati.<\/strong><\/li><\/ul>\n\n\n\n<ul class=\"wp-block-list\"><li><strong>Caritas na\u0161e Nadbiskupije pro\u0161le\nje godine obilje\u017eio 75 godina postojanja te je tom prigodom najavljen projekt\n\u201e75 za 1\u201c. Cilj tog projekta je prikupljati nov\u010dana sredstva za Nadbiskupijsku\nzakladu \u201eDr. Nikola Dogan\u201c koja stipendira u\u010denike i studente slabijeg imovnog\nstanja s podru\u010dja Nadbiskupije. U nazivu projekta broj 75 ozna\u010dava godine\npostojanja Nadbiskupijskog Caritasa, odnosno broj darovatelja u jednoj \u017eupi, a\n1 ozna\u010dava jednu mjese\u010dnu stipendiju za jednog u\u010denika ili studenta. Potrebno\nje u svakoj \u017eupi prona\u0107i 75 obitelji ili pojedinaca koji \u017eele darovati 20 kuna\nu svrhu projekta. Jasno da se mo\u017ee darovati i vi\u0161e te da mo\u017ee biti i vi\u0161e\npojedinaca ili obitelji. Vremenski period skupljanja je od 1. do najkasnije 31.\no\u017eujka ove godine. U na\u0161oj \u017eupi imat \u0107emo skupljanje u \u017eupnom uredu u uredovno\nvrijeme.<\/strong><\/li><\/ul>\n\n\n\n<ul class=\"wp-block-list\"><li><strong>Molimo sve\nvas koji jo\u0161 nemate \u017eupnu obiteljsku knji\u017eicu ili je potrebno upisati promjene\nu postoje\u0107e, da se javite u \u017eupni ured.<\/strong><strong> <\/strong><\/li><\/ul>\n\n\n\n<ul class=\"wp-block-list\"><li><strong>Kupujte i \u010ditajte vjerski tisak.<\/strong><\/li><\/ul>\n","protected":false},"excerpt":{"rendered":"<p>Danas slavimo sedmu nedjelju kroz godinu. Sutra je biblijski sat nakon ve\u010dernje svete mise. U srijedu je nakon ve\u010dernje svete mise susret \u010dlanova Sch\u00f6nstatske obitelji. Ovaj tjedan su prvi petak i subota u mjesecu. U petak je pobo\u017enost devet prvih petaka u 18:00 sati. U subotu pod ve\u010dernjom svetom misom molimo za duhovna zvanja, a <a href=\"https:\/\/svetaobitelj.hr\/?p=732\" class=\"more-link\">[&hellip;]<\/a><\/p>\n","protected":false},"author":2,"featured_media":0,"comment_status":"closed","ping_status":"closed","sticky":false,"template":"","format":"standard","meta":{"footnotes":""},"categories":[3],"tags":[],"class_list":["entry","author-","post-732","post","type-post","status-publish","format-standard","category-zupa"],"_links":{"self":[{"href":"https:\/\/svetaobitelj.hr\/index.php?rest_route=\/wp\/v2\/posts\/732","targetHints":{"allow":["GET"]}}],"collection":[{"href":"https:\/\/svetaobitelj.hr\/index.php?rest_route=\/wp\/v2\/posts"}],"about":[{"href":"https:\/\/svetaobitelj.hr\/index.php?rest_route=\/wp\/v2\/types\/post"}],"author":[{"embeddable":true,"href":"https:\/\/svetaobitelj.hr\/index.php?rest_route=\/wp\/v2\/users\/2"}],"replies":[{"embeddable":true,"href":"https:\/\/svetaobitelj.hr\/index.php?rest_route=%2Fwp%2Fv2%2Fcomments&post=732"}],"version-history":[{"count":1,"href":"https:\/\/svetaobitelj.hr\/index.php?rest_route=\/wp\/v2\/posts\/732\/revisions"}],"predecessor-version":[{"id":733,"href":"https:\/\/svetaobitelj.hr\/index.php?rest_route=\/wp\/v2\/posts\/732\/revisions\/733"}],"wp:attachment":[{"href":"https:\/\/svetaobitelj.hr\/index.php?rest_route=%2Fwp%2Fv2%2Fmedia&parent=732"}],"wp:term":[{"taxonomy":"category","embeddable":true,"href":"https:\/\/svetaobitelj.hr\/index.php?rest_route=%2Fwp%2Fv2%2Fcategories&post=732"},{"taxonomy":"post_tag","embeddable":true,"href":"https:\/\/svetaobitelj.hr\/index.php?rest_route=%2Fwp%2Fv2%2Ftags&post=732"}],"curies":[{"name":"wp","href":"https:\/\/api.w.org\/{rel}","templated":true}]}}