{"id":726,"date":"2019-02-17T20:48:32","date_gmt":"2019-02-17T19:48:32","guid":{"rendered":"http:\/\/svetaobitelj.hr\/?p=726"},"modified":"2020-01-29T21:58:13","modified_gmt":"2020-01-29T20:58:13","slug":"kanonska-vizitacija","status":"publish","type":"post","link":"https:\/\/svetaobitelj.hr\/?p=726","title":{"rendered":"KANONSKA VIZITACIJA"},"content":{"rendered":"\n<p>Kanonsku vizitaciju \u017dupe Svete Obitelji u\nOsijeku, u petak, 15. velja\u010de 2019. godine, u ime na\u0161ega Nadbiskupa, obavio\nje&nbsp; mons. Ivan \u0106uri\u0107, generalni vikar\nNadbiskupije, a konvizitator je bio vl\u010d. Drago Markovi\u0107, kancelar Nadbiskupije.<\/p>\n\n\n\n<p>Vizitacija je zapo\u010dela kratkom molitvom i\npozdravom s doma\u0107inima. Slijedio je susret s ku\u0107nim majstorom, vrtlarom i\ndoma\u0107icom. Zajedno sa \u017eupnikom fra Dragutinom Bedeni\u010di\u0107em vizitatori su\nposjetili samostan redovnica K\u0107eri Milosr\u0111a, koji se nalazi na podru\u010dju \u017dupe, u\nokviru kojeg djeluje i vjerski Dje\u010dji vrti\u0107 Marija Petkovi\u0107. U samostanu ih je\nprimila s. Vlatka Bratin\u0161\u010dak, nadstojnica, sa svojim sestrama i upoznala s\ndjelovanjem vrti\u0107a. Vrativ\u0161i se u \u017eupne i samostanske prostore te nakon ru\u010dka,\nnastavljena je vizitacija pregledom knjiga, razgovor s fra Dragutinom i fra\nJosipom, \u017eupnim vikarom.<\/p>\n\n\n\n<p>Tijekom poslijepodnevnih sati odr\u017ean je\nsusret s predstavnicima raznih skupina koje djeluju u \u017eupi: \u010dlanovima Odbora\n\u017dPV-a za karitativnu djelatnost zajedno sa volonterima Caritasa te misijskom\nskupinom i biblijskom skupinom; \u010dlanovima Odbora za liturgijski i molitveni\n\u017eivot s voditeljima zborova, \u010dita\u010dima, predstavnicima OFS-a; \u010dlanovima Odbora\n\u017dPV-a za navije\u0161tanje sa vjerou\u010diteljima, predstavnicima Frame i suradnicima za\nmedije; te naposljetku sa \u010dlanovima oba \u017eupna vije\u0107a.<\/p>\n\n\n\n<p>Na po\u010detku susreta, vizitator je upoznato\nvjerni\u010dke skupine s va\u017eno\u0161\u0107u kanonskog pohoda i prenio im nadbiskupove\npozdrave. Istaknuo je va\u017enu ulogu Caritasa za na\u0161u vjeru, onako kako nas\nbiblijski tekstovi upu\u0107uju kad ka\u017eu da vjeru mo\u017eemo prekri\u017eiti ako nema djela\nljubavi, budu\u0107i da ime ljubav ozna\u010dava i samoga Boga. Caritas je va\u017ean osobito\niz perspektive \u017eivota&nbsp; dana\u0161njega\n\u010dovjeka, tako da je bitno nikoga ne zaboraviti, ve\u0107 karitativnim pristupom, s\nljubavlju do\u0107i u susret ljudima u potrebi.&nbsp;\nUz volontere Caritasa, kao pomo\u0107 \u017eupniku i \u017eupnom vikaru, cijela \u017eupa\n\u017eivi Kristovu zajednicu, jer svi vjernici su Kristovi u\u010denici i pozvani su dati\nsvjedo\u010danstvo vjere. Treba imati na umu sna\u017enu i o\u0161tru Kristova opomena da nam\nslu\u010dajno vjera ne ostane bez djela, jer svu vjeru mo\u017eemo prekri\u017eiti ako nema\nsvjedo\u010danstva koje se ostvaruje u djelima ljubavi. Vjernici su upozoreni na\nzapostavljenost biblijske kulture kojoj je izvori\u0161te je biblijska rije\u010d. Odnos\nprema Svetom pismu ima bitnu povijesnu dimenziju, te treba prihvatiti Boga koji\nulazi u povijest jer Bo\u017eja rije\u010d je rije\u010d iz povijesti i njeno posada\u0161njenje je\nmogu\u0107e, ali na na\u010din biblijske logike. Sveto pismo ne treba biti neki strani\ngovor, pa u tom govoru ni Krist nam ne smije biti stranac. Va\u017enost navije\u0161tanja\nili evangelizacije&nbsp; o\u010dituje se u tri\npodru\u010dja. Ono \u0161to je prvo i osnovno kad je u pitanju na\u0161a vjera to je susret s\nuskrslim Kristom, zna\u010di do\u0107i do toga iskustva ili kad je u pitanju na\u0161\nkr\u0161\u0107anski poziv, dovesti nekoga do tog iskustva da susretne Krista, navijestiti\nmu Krista i onda po tome i po Bo\u017ejoj milost i snazi Duha Svetoga,&nbsp; pro\u017eeti njegov \u017eivot zajedni\u0161tvom s Kristom.\nDrugo podru\u010dje je podru\u010dje slavljenja u kojem se spominjemo ve\u0107 ostvarenih\ndjela spasenja po Kristu i onda navje\u0161\u0107ujemo nadu punine u vje\u010dnosti, to je\npredokus vje\u010dnosti, a to su slavlja euharistije i drugih sakramenata. Tre\u0107e je\niskustvo molitvenog \u017eivota u kojem se povla\u010dimo na trenutak i uspostavljamo na\ntaj na\u010din neposredniji odnos s Bogom u iskustvu molitve, a to je ono \u0161to ka\u017eemo\nda je razgovor s Bogom. Nedjeljnoj&nbsp;\neuharistiji potrebno je pristupati kao srcu, nema ni\u010dega va\u017enijeg od\nnedjeljne euharistije. To je srce svega i na\u0161e vjere i spomena na\u0161eg spasenja,\nzato je jako va\u017eno kako ju oblikujemo. Sudjelovanje u slavlju euharistije mora\nbiti organizirano, od pjevanja do \u010ditanja i pona\u0161anja. Pjevanje zbora ne smije uti\u0161ati\nzajednicu, ve\u0107 ju treba aktivirati. Budu\u0107i da oltar predstavlja Kalvariju,\ntreba posvijestiti \u010dita\u010de da je Ambon odvaljeni kamen s Kristova groba s kojega\nan\u0111eo navije\u0161ta prvu i osnovnu blagovijest. Uskrsnuo je! Sav kr\u0161\u0107anski\nnavje\u0161taj se na to nadovezuje, pa \u010dita\u010di trebaju biti svjesni da uzlaze\u0107i na\nambon preuzimaju dio slu\u017ebe an\u0111ela blagovjesnika. \u017dupna vije\u0107a su zna\u010dajna u\n\u017eivotu \u017eupne zajednice, pa tako \u017eupni suradnici moraju te\u017eiti pravoj\nsuodgovornosti koja se odnosi cjelokupan pastoralni \u017eivot i rad u \u017eupi. U\nostvarivanju slu\u017ebe Dobroga Pastira ostvaruje se ono \u0161to je On ostvario u\ndjelima spasenja i \u0161to nam je navijestio za budu\u0107nost. Treba biti svjestan da\nje danas \u017eivot druga\u010diji nego prije, ima neki drugi ritam, pa se potruditi i\nprona\u0107i na\u010din kako \u0161iriti evan\u0111elje i iza\u0107i u susret ljudima koji druga\u010dije\npoimaju vjeru. Prona\u0107i na\u010din da se ipak dogodi ta svijest kod ljudi, da ipak\ndo\u0111u i zatra\u017ee ne\u0161to kr\u0161\u0107ansko, da progovore kr\u0161\u0107ansko i da se pozabave Bo\u017ejom\nrije\u010dju ili se uklju\u010de u neku zajednicu, neko djelo ljubavi. Treba biti spreman\nna odbijanja i izazove. Organizacijski se treba bolje poslo\u017eiti s ve\u0107om\nosjetljivo\u0161\u0107u za dana\u0161nje izazove, a pri tome imati na umu da je u povijesti\nuvijek bilo neprihva\u0107anja vjere. Ali to ne zna\u010di da treba stati, ve\u0107 treba\nte\u017eiti ka tome da svi ljudi do\u0111u do spoznanja istine.<\/p>\n\n\n\n<p>Mons. \u0106uri\u0107 je uz koncelebraciju vl\u010d.\nMarkovi\u0107a, fra Dragutina i fra Josipa predvodio ve\u010dernje euharistijsko slavlje.\nU prigodnoj propovijedi osvrnuo se na to kako biblijsku rije\u010d treba primiti\notvorena srca svjesni da je upravo ta rije\u010d ona na kojoj treba graditi \u017eivot\nkoji tom rije\u010dju treba biti zahva\u0107en, te otvarati knjigu \u017eivota, istine i\nmudrosti i iz nje crpiti svjetlo i putokaz za svoje \u017eivotne korake. Naglasio je\nulogu euharistije uspore\u0111uju\u0107i ju sa \u0161kolom evan\u0111elja, \u0161kolom Radosne vijesti,\nkoja odgaja i pove\u0107ava hod prema \u017eivotnoj zrelosti. Napominje da je zrelost\npotrebna na\u0161em \u017eivotu, a isto tako i nezaobilazno va\u017ena za iskustvo na\u0161e vjere.\n&#8220;Odr\u017eati zrelost, sebe na putu zrelosti, nije lako&#8221; &#8211; isti\u010de mons. \u0106uri\u0107,\nte nastavlja: &#8220;Zrelost uvijek uklju\u010duje budnost, trajno\npro\u010di\u0161\u0107avanje&#8221;. Upozorava na to kako dolazi vrijeme kad ni vjera nije ili\nne\u0107e biti sama po sebi razumljiva, te se javljaju i prakti\u010dni ateizam, vjerska\nindiferencija, kao i izbjegavanje pripadnosti Crkvi. Sve vi\u0161e dolazi do\nizra\u017eaja i svojevrsna vjerska nepismenost, vjerska bezvoljnost. &#8220;Etiku i\nmoral tako lako stavljamo na kocku i riskiramo s njima. Zvona kao da nas vi\u0161e\nne pozivaju na nedjelju euharistiju.&#8221; &#8211; nagla\u0161ava mons. \u0106uri\u0107. Istaknuo je\nva\u017enost kr\u0161\u0107ana vjernika u dana\u0161njem \u017eivotu, u dubljem i zrelijem razmatranju i\nprimanju Bo\u017eje rije\u010di, te u\u010dvr\u0161\u0107ivanju vjere. Bo\u017eju rije\u010d treba primiti uvijek\n&#8211; i kad donosi i objavljuje one velike i temeljne kr\u0161\u0107anske istine; i kad\nsavjetuje svojim konkretnim prijedlozima; kad vodi i upu\u0107uje na pravi put da ga\nostvarimo kao put pravednosti, pobo\u017enosti i ljubavi. Homiliju zavr\u0161ava rije\u010dima\npokojnog \u0111akova\u010dko-srijemskog biskupa mons. \u0106irila Kosa &#8220;<em>svi smo mi\nKristu posli\u010deni<\/em>&#8221; &#8211; te zavr\u0161ava : &#8220;neka ta sli\u010dnost Kristu bude\npravi \u017eivotni kompas, onaj prvi i glavni putokaz svima na\u0161im koracima, mislima\ni rije\u010dima i djelima&#8221;.<\/p>\n\n\n\n<p>Na kraju misnog slavlja fra Dragutin\nzahvalio je mons. \u0106uri\u0107u i vl\u010d. Markovi\u0107u za ovaj posjet. Nakon mise, bio je\nsusret s \u010dlanovima \u017dupnog mje\u0161ovitog i Ve\u010dernjeg zbora i ministrantima kada je\nmons. \u0106uri\u0107 govorio o odgovornosti ministriranja te liturgijskog crkvenog\npjevanja.<\/p>\n\n\n\n<p>Kanonska vizitacija zavr\u0161ena je ve\u010derom u blagovaonici samostana, u zajedni\u0161tvu s \u010dlanovima \u017eupnih vije\u0107a. Tom prilikom razmijenjeni su i prigodni darovi. Radost cjelodnevnog susreta s na\u0161im vizitatorima potvr\u0111ena je spontanom pjesmom i molitvom.<\/p>\n\n\n\n<div class=\"wp-block-image\"><figure class=\"aligncenter\"><img loading=\"lazy\" decoding=\"async\" width=\"1024\" height=\"1024\" src=\"http:\/\/svetaobitelj.hr\/wp-content\/uploads\/2019\/02\/sLIKA-1024x1024.jpg\" alt=\"\" class=\"wp-image-727\" srcset=\"https:\/\/svetaobitelj.hr\/wp-content\/uploads\/2019\/02\/sLIKA-1024x1024.jpg 1024w, https:\/\/svetaobitelj.hr\/wp-content\/uploads\/2019\/02\/sLIKA-150x150.jpg 150w, https:\/\/svetaobitelj.hr\/wp-content\/uploads\/2019\/02\/sLIKA-300x300.jpg 300w, https:\/\/svetaobitelj.hr\/wp-content\/uploads\/2019\/02\/sLIKA-768x768.jpg 768w, https:\/\/svetaobitelj.hr\/wp-content\/uploads\/2019\/02\/sLIKA.jpg 1920w\" sizes=\"auto, (max-width: 1024px) 100vw, 1024px\" \/><\/figure><\/div>\n","protected":false},"excerpt":{"rendered":"<p>Kanonsku vizitaciju \u017dupe Svete Obitelji u Osijeku, u petak, 15. velja\u010de 2019. godine, u ime na\u0161ega Nadbiskupa, obavio je&nbsp; mons. Ivan \u0106uri\u0107, generalni vikar Nadbiskupije, a konvizitator je bio vl\u010d. Drago Markovi\u0107, kancelar Nadbiskupije. Vizitacija je zapo\u010dela kratkom molitvom i pozdravom s doma\u0107inima. Slijedio je susret s ku\u0107nim majstorom, vrtlarom i doma\u0107icom. Zajedno sa \u017eupnikom <a href=\"https:\/\/svetaobitelj.hr\/?p=726\" class=\"more-link\">[&hellip;]<\/a><\/p>\n","protected":false},"author":2,"featured_media":0,"comment_status":"closed","ping_status":"closed","sticky":false,"template":"","format":"standard","meta":{"footnotes":""},"categories":[3],"tags":[],"class_list":["entry","author-","post-726","post","type-post","status-publish","format-standard","category-zupa"],"_links":{"self":[{"href":"https:\/\/svetaobitelj.hr\/index.php?rest_route=\/wp\/v2\/posts\/726","targetHints":{"allow":["GET"]}}],"collection":[{"href":"https:\/\/svetaobitelj.hr\/index.php?rest_route=\/wp\/v2\/posts"}],"about":[{"href":"https:\/\/svetaobitelj.hr\/index.php?rest_route=\/wp\/v2\/types\/post"}],"author":[{"embeddable":true,"href":"https:\/\/svetaobitelj.hr\/index.php?rest_route=\/wp\/v2\/users\/2"}],"replies":[{"embeddable":true,"href":"https:\/\/svetaobitelj.hr\/index.php?rest_route=%2Fwp%2Fv2%2Fcomments&post=726"}],"version-history":[{"count":1,"href":"https:\/\/svetaobitelj.hr\/index.php?rest_route=\/wp\/v2\/posts\/726\/revisions"}],"predecessor-version":[{"id":728,"href":"https:\/\/svetaobitelj.hr\/index.php?rest_route=\/wp\/v2\/posts\/726\/revisions\/728"}],"wp:attachment":[{"href":"https:\/\/svetaobitelj.hr\/index.php?rest_route=%2Fwp%2Fv2%2Fmedia&parent=726"}],"wp:term":[{"taxonomy":"category","embeddable":true,"href":"https:\/\/svetaobitelj.hr\/index.php?rest_route=%2Fwp%2Fv2%2Fcategories&post=726"},{"taxonomy":"post_tag","embeddable":true,"href":"https:\/\/svetaobitelj.hr\/index.php?rest_route=%2Fwp%2Fv2%2Ftags&post=726"}],"curies":[{"name":"wp","href":"https:\/\/api.w.org\/{rel}","templated":true}]}}