{"id":723,"date":"2019-02-16T20:19:56","date_gmt":"2019-02-16T19:19:56","guid":{"rendered":"http:\/\/svetaobitelj.hr\/?p=723"},"modified":"2020-01-29T21:58:13","modified_gmt":"2020-01-29T20:58:13","slug":"zupne-obavijesti-6-nedjelja-kroz-godinu","status":"publish","type":"post","link":"https:\/\/svetaobitelj.hr\/?p=723","title":{"rendered":"\u017dupne obavijesti: 6. nedjelja kroz godinu"},"content":{"rendered":"\n<p><strong>1<\/strong><\/p>\n\n\n\n<ul class=\"wp-block-list\"><li><strong>Danas slavimo \u0161estu nedjelju kroz\ngodinu. U 16:30 sati redoviti je susret \u010dlanova Mjesnoga bratstva OFS-a.<\/strong><\/li><\/ul>\n\n\n\n<ul class=\"wp-block-list\"><li><strong>Sutra je biblijski sat nakon\nve\u010dernje svete mise, a u Vikarijatu je, s po\u010detkom u 19:30 sati, \u201eBiblijsko-molitvena\nve\u010der\u201c koju vodi vl\u010d. Kre\u0161imir Bulat.<\/strong><\/li><\/ul>\n\n\n\n<ul class=\"wp-block-list\"><li><strong>U srijedu je nakon ve\u010dernje svete\nmise susret \u010dlanova Vojske Bezgre\u0161ne.<\/strong><\/li><\/ul>\n\n\n\n<ul class=\"wp-block-list\"><li><strong>U \u010detvrtak je nakon ve\u010dernje\nsvete mise klanjanje pred Presvetim, a nakon klanjanja susret je \u010dlanova udruge\nSv. Vinko.<\/strong><\/li><\/ul>\n\n\n\n<ul class=\"wp-block-list\"><li><strong>U subotu, s po\u010detkom u 14:00\nsati, \u010dlanovi Odbora za karitativnu djelatnost pri \u017dPV-u pozivaju na novi\nsusret usamljenih i starijih osoba iz na\u0161e \u017eupe u vjeronau\u010dnu dvoranu. Ovi\nsusreti su osmi\u0161ljeni da molitvom i dru\u017eenjem provedemo ugodne trenutke u zajedni\u0161tvu.<\/strong><\/li><\/ul>\n\n\n\n<ul class=\"wp-block-list\"><li><strong>Sljede\u0107e nedjelje slavimo sedmu\nnedjelju kroz godinu. <\/strong><\/li><\/ul>\n\n\n\n<ul class=\"wp-block-list\"><li><strong>Molimo sve\nvas koji jo\u0161 nemate \u017eupnu obiteljsku knji\u017eicu ili je potrebno upisati promjene\nu postoje\u0107e, da se javite u \u017eupni ured.<\/strong><strong> <\/strong><\/li><\/ul>\n\n\n\n<ul class=\"wp-block-list\"><li><strong>Kupujte i \u010ditajte vjerski tisak.<\/strong><\/li><\/ul>\n","protected":false},"excerpt":{"rendered":"<p>1 Danas slavimo \u0161estu nedjelju kroz godinu. U 16:30 sati redoviti je susret \u010dlanova Mjesnoga bratstva OFS-a. Sutra je biblijski sat nakon ve\u010dernje svete mise, a u Vikarijatu je, s po\u010detkom u 19:30 sati, \u201eBiblijsko-molitvena ve\u010der\u201c koju vodi vl\u010d. Kre\u0161imir Bulat. U srijedu je nakon ve\u010dernje svete mise susret \u010dlanova Vojske Bezgre\u0161ne. U \u010detvrtak je <a href=\"https:\/\/svetaobitelj.hr\/?p=723\" class=\"more-link\">[&hellip;]<\/a><\/p>\n","protected":false},"author":2,"featured_media":0,"comment_status":"closed","ping_status":"closed","sticky":false,"template":"","format":"standard","meta":{"footnotes":""},"categories":[3],"tags":[],"class_list":["entry","author-","post-723","post","type-post","status-publish","format-standard","category-zupa"],"_links":{"self":[{"href":"https:\/\/svetaobitelj.hr\/index.php?rest_route=\/wp\/v2\/posts\/723","targetHints":{"allow":["GET"]}}],"collection":[{"href":"https:\/\/svetaobitelj.hr\/index.php?rest_route=\/wp\/v2\/posts"}],"about":[{"href":"https:\/\/svetaobitelj.hr\/index.php?rest_route=\/wp\/v2\/types\/post"}],"author":[{"embeddable":true,"href":"https:\/\/svetaobitelj.hr\/index.php?rest_route=\/wp\/v2\/users\/2"}],"replies":[{"embeddable":true,"href":"https:\/\/svetaobitelj.hr\/index.php?rest_route=%2Fwp%2Fv2%2Fcomments&post=723"}],"version-history":[{"count":3,"href":"https:\/\/svetaobitelj.hr\/index.php?rest_route=\/wp\/v2\/posts\/723\/revisions"}],"predecessor-version":[{"id":851,"href":"https:\/\/svetaobitelj.hr\/index.php?rest_route=\/wp\/v2\/posts\/723\/revisions\/851"}],"wp:attachment":[{"href":"https:\/\/svetaobitelj.hr\/index.php?rest_route=%2Fwp%2Fv2%2Fmedia&parent=723"}],"wp:term":[{"taxonomy":"category","embeddable":true,"href":"https:\/\/svetaobitelj.hr\/index.php?rest_route=%2Fwp%2Fv2%2Fcategories&post=723"},{"taxonomy":"post_tag","embeddable":true,"href":"https:\/\/svetaobitelj.hr\/index.php?rest_route=%2Fwp%2Fv2%2Ftags&post=723"}],"curies":[{"name":"wp","href":"https:\/\/api.w.org\/{rel}","templated":true}]}}