{"id":697,"date":"2019-02-12T12:30:56","date_gmt":"2019-02-12T11:30:56","guid":{"rendered":"http:\/\/svetaobitelj.hr\/?p=697"},"modified":"2020-01-29T21:58:13","modified_gmt":"2020-01-29T20:58:13","slug":"proslava-gospe-lurdske-i-dana-bolesnika","status":"publish","type":"post","link":"https:\/\/svetaobitelj.hr\/?p=697","title":{"rendered":"PROSLAVA GOSPE LURDSKE I DANA BOLESNIKA"},"content":{"rendered":"\n<p>U ponedjeljak 10. velja\u010de proslavili smo Gospu Lurdsku i Dan bolesnika. Sveta misa bila je u 15:30 sati, koju je predvodio \u017eupnik fra Dragutin Bedeni\u010di\u0107. U svojoj propovijedi istaknuo je da ne bismo smjeli  moliti da nas Gospodin oslobodi bolesti, nego moliti da taj kri\u017e \u0161to lak\u0161e nosimo kroz \u017eivot i u bolesti ne budemo oholi i \u010dangrizavi, nego s ljubavlju se ophodimo prema bli\u017enjima, kao i da svojim bolesnima i starima trebamo pru\u017eiti potporu i skrb jer smo na to pozvani.  Pod misom je podjeljeno bolesni\u010dko pomazanje svima koji su osjetili potrebu i na taj na\u010din molili Bo\u017eju snagu u vlastitom \u017eivotu. Po zavr\u0161etku slavlja nastavili smo dru\u017eenje uz prigodnu zakusku u organizaciji  \u017eupnih volontera Caritasa zahvalni Gospodinu na milosti zajedni\u0161tva. <\/p>\n\n\n\n<p>Ujedno smo nazo\u010dili i svetoj misi kod kapucina u na\u0161em gradu, koju je predvodio misionar fra Ivica Vrbi\u0107 koji je u prigodnoj propovijedi istaknuo va\u017enost darivanja i odricanja za one u potrebi ali ne na u\u0161trb toga da ugrozimo vlastitu egzistenciju. Pozvani smo pomo\u0107i siroma\u0161nima, biti produ\u017eena ruka misionara kako bismo pomogli drugima da upoznaju Isusa.  Na\u0161a misijska skupina je uz kratko dru\u017eenje sa fra Ivicom dogovorila jedan &#8220;projekt&#8221; o kome \u0107ete na vrijeme biti obavije\u0161teni. Gospodinu u ruke sve predajemo, i molimo za sve na\u0161e misionare i one koji im poma\u017eu. <\/p>\n\n\n\n<p>Procesijom ispred kipa Gospe i kra\u0107om marijanskom pobo\u017eno\u0161\u0107u nakon ve\u010dernje svete mise zavr\u0161ili smo ovogodi\u0161nju proslavu Gospe Lurdske u na\u0161oj \u017eupi. <\/p>\n\n\n\n<p>Tatjana \u0160arga\u010d,  Mirta Jakovac<\/p>\n\n\n\n<figure class=\"wp-block-image\"><img loading=\"lazy\" decoding=\"async\" width=\"1920\" height=\"1920\" src=\"http:\/\/svetaobitelj.hr\/wp-content\/uploads\/2019\/02\/slika2-1.jpg\" alt=\"\" class=\"wp-image-698\" srcset=\"https:\/\/svetaobitelj.hr\/wp-content\/uploads\/2019\/02\/slika2-1.jpg 1920w, https:\/\/svetaobitelj.hr\/wp-content\/uploads\/2019\/02\/slika2-1-150x150.jpg 150w, https:\/\/svetaobitelj.hr\/wp-content\/uploads\/2019\/02\/slika2-1-300x300.jpg 300w, https:\/\/svetaobitelj.hr\/wp-content\/uploads\/2019\/02\/slika2-1-768x768.jpg 768w, https:\/\/svetaobitelj.hr\/wp-content\/uploads\/2019\/02\/slika2-1-1024x1024.jpg 1024w\" sizes=\"auto, (max-width: 1920px) 100vw, 1920px\" \/><\/figure>\n\n\n\n<figure class=\"wp-block-image\"><img loading=\"lazy\" decoding=\"async\" width=\"1024\" height=\"1024\" src=\"http:\/\/svetaobitelj.hr\/wp-content\/uploads\/2019\/02\/SLIKA3-1-1024x1024.jpg\" alt=\"\" class=\"wp-image-699\" srcset=\"https:\/\/svetaobitelj.hr\/wp-content\/uploads\/2019\/02\/SLIKA3-1-1024x1024.jpg 1024w, https:\/\/svetaobitelj.hr\/wp-content\/uploads\/2019\/02\/SLIKA3-1-150x150.jpg 150w, https:\/\/svetaobitelj.hr\/wp-content\/uploads\/2019\/02\/SLIKA3-1-300x300.jpg 300w, https:\/\/svetaobitelj.hr\/wp-content\/uploads\/2019\/02\/SLIKA3-1-768x768.jpg 768w, https:\/\/svetaobitelj.hr\/wp-content\/uploads\/2019\/02\/SLIKA3-1.jpg 1920w\" sizes=\"auto, (max-width: 1024px) 100vw, 1024px\" \/><\/figure>\n","protected":false},"excerpt":{"rendered":"<p>U ponedjeljak 10. velja\u010de proslavili smo Gospu Lurdsku i Dan bolesnika. Sveta misa bila je u 15:30 sati, koju je predvodio \u017eupnik fra Dragutin Bedeni\u010di\u0107. U svojoj propovijedi istaknuo je da ne bismo smjeli moliti da nas Gospodin oslobodi bolesti, nego moliti da taj kri\u017e \u0161to lak\u0161e nosimo kroz \u017eivot i u bolesti ne budemo <a href=\"https:\/\/svetaobitelj.hr\/?p=697\" class=\"more-link\">[&hellip;]<\/a><\/p>\n","protected":false},"author":2,"featured_media":0,"comment_status":"closed","ping_status":"closed","sticky":false,"template":"","format":"standard","meta":{"footnotes":""},"categories":[3],"tags":[],"class_list":["entry","author-","post-697","post","type-post","status-publish","format-standard","category-zupa"],"_links":{"self":[{"href":"https:\/\/svetaobitelj.hr\/index.php?rest_route=\/wp\/v2\/posts\/697","targetHints":{"allow":["GET"]}}],"collection":[{"href":"https:\/\/svetaobitelj.hr\/index.php?rest_route=\/wp\/v2\/posts"}],"about":[{"href":"https:\/\/svetaobitelj.hr\/index.php?rest_route=\/wp\/v2\/types\/post"}],"author":[{"embeddable":true,"href":"https:\/\/svetaobitelj.hr\/index.php?rest_route=\/wp\/v2\/users\/2"}],"replies":[{"embeddable":true,"href":"https:\/\/svetaobitelj.hr\/index.php?rest_route=%2Fwp%2Fv2%2Fcomments&post=697"}],"version-history":[{"count":1,"href":"https:\/\/svetaobitelj.hr\/index.php?rest_route=\/wp\/v2\/posts\/697\/revisions"}],"predecessor-version":[{"id":700,"href":"https:\/\/svetaobitelj.hr\/index.php?rest_route=\/wp\/v2\/posts\/697\/revisions\/700"}],"wp:attachment":[{"href":"https:\/\/svetaobitelj.hr\/index.php?rest_route=%2Fwp%2Fv2%2Fmedia&parent=697"}],"wp:term":[{"taxonomy":"category","embeddable":true,"href":"https:\/\/svetaobitelj.hr\/index.php?rest_route=%2Fwp%2Fv2%2Fcategories&post=697"},{"taxonomy":"post_tag","embeddable":true,"href":"https:\/\/svetaobitelj.hr\/index.php?rest_route=%2Fwp%2Fv2%2Ftags&post=697"}],"curies":[{"name":"wp","href":"https:\/\/api.w.org\/{rel}","templated":true}]}}