{"id":687,"date":"2019-02-09T10:47:41","date_gmt":"2019-02-09T09:47:41","guid":{"rendered":"http:\/\/svetaobitelj.hr\/?p=687"},"modified":"2020-01-29T21:58:21","modified_gmt":"2020-01-29T20:58:21","slug":"zupne-obavijesti-5-nedjelja-kroz-godinu","status":"publish","type":"post","link":"https:\/\/svetaobitelj.hr\/?p=687","title":{"rendered":"\u017dupne obavijesti: 5. nedjelja kroz godinu"},"content":{"rendered":"\n<p>5. NEDJELJA KROZ GODINU<\/p>\n\n\n\n<p><\/p>\n\n\n\n<p><strong>10. velja\u010de 2019.<\/strong><\/p>\n\n\n\n<ul class=\"wp-block-list\"><li><strong>Danas slavimo petu nedjelju kroz\ngodinu. Spominjemo se na\u0161ega bla\u017eenika i mu\u010denika Alojzija Stepinca. Nakon\nsvetih misa skupljamo nov\u010dane priloge za obnovu Ku\u0107e susreta Tabor u Samoboru. <\/strong><\/li><\/ul>\n\n\n\n<ul class=\"wp-block-list\"><li><strong>Sutra<\/strong><strong> slavimo Gospu Lurdsku i Dan\nbolesnika. U na\u0161oj \u017eupnoj crkvi bit \u0107e susret bolesnika od 15:30 sati kada je\nmogu\u0107nost za ispovijed, nakon \u010dega slijedi sveta misa pod kojom \u0107e biti prilika\nprimiti i bolesni\u010dko pomazanje, a nakon mise \u0107emo zajedno s volonterima\nCaritasa ostati u dru\u017eenju u vjeronau\u010dnoj dvorani. Nakon te mise i nakon\nve\u010dernje svete mise bit \u0107e marijanska pobo\u017enost Gospi Lurdskoj ispred kipa\nMajke Bo\u017eje sa svije\u0107ama. Svije\u0107e \u0107ete mo\u0107i nabaviti prije misa. Biblijski sat je\nnakon ve\u010dernje svete mise. U srijedu je u Vikarijatu s po\u010detkom u 19:30\nsati molitveno-katehetski susret za odrasle kojeg vodi p. Sebastijan \u0160ujevi\u0107. Tema\nje \u201eDuh posinjenja\u201c. U \u010detvrtak je nakon ve\u010dernje svete mise klanjanje pred\nPresvetim kada \u0107emo moliti za uspjeh kanonske vizitacije koja \u0107e biti u na\u0161oj\n\u017eupi u petak. <\/strong><\/li><\/ul>\n\n\n\n<ul class=\"wp-block-list\"><li><strong>U petak je od 11:00 sati kanonska\nvizitacija na\u0161e \u017dupe koju \u0107e u ime nadbiskupa imati mons. Ivan \u0106uri\u0107, generalni\nvikar Nadbiskupije, a konvizitator \u0107e biti vl\u010d. Drago Markovi\u0107, kancelar\nNadbiskupije. Prema dogovorenom rasporedu imat \u0107e susrete s raznim skupinama te\npojedincima iz \u017eupe. U 11:30 posjet dje\u010djem vrti\u0107u kojega vode \u010dasne sestre; u 15:30\n\u010dlanovi Odbora \u017dPV-a za karitativnu djelatnost zajedno sa volonterima Caritasa\nte misijskom skupinom; u 16:00 \u010dlanovi Odbora za liturgijski i molitveni \u017eivot s\nvoditeljima zborova, \u010dita\u010dima, predstavnicima OFS-a; u 16:30 \u010dlanovi Odbora\n\u017dPV-a za navije\u0161tanje sa vjerou\u010diteljima, predstavnicima Frame i suradnicima za\nmedije; u 17:00 susret s \u010dlanovima \u017eupnih vije\u0107a; u 18:00 je mogu\u0107nost za kra\u0107e\npojedine razgovore; u 18:30 sveta misa; nakon mise susret s ministrantima i\n\u010dlanovima \u017dupnog mje\u0161ovitog zbora i Ve\u010dernjeg zbora. Osobito vas pozivamo na\nslavlje ve\u010dernje svete mise koju \u0107e predslaviti mons. Ivan \u0106uri\u0107.<\/strong><\/li><\/ul>\n\n\n\n<ul class=\"wp-block-list\"><li><strong>Sljede\u0107e nedjelje slavimo \u0161estu\nnedjelju kroz godinu. U 16:30 sati redoviti je&nbsp;\nsusret \u010dlanova Mjesnoga bratstva OFS-a.<\/strong><\/li><\/ul>\n\n\n\n<ul class=\"wp-block-list\"><li><strong>Nadbiskupijski ured za pastoral\nmladih i udruga DUHOS organiziraju predavanje na temu <em>Vjerovati srcem \u2013 uloga \u010duvstava u duhovnom \u017eivotu. <\/em>Predava\u010d je\nisusovac p. Mihaly Stzentmartoni, profesor psihologije i duhovnosti na\npapinskom sveu\u010dili\u0161tu Gregoriana u Rimu. Predavanje \u0107e biti u utorak, u 20 sati\nu \u017eupnoj crkvi sv. \u0106irila i Metoda u Divaltovoj.<\/strong><\/li><\/ul>\n\n\n\n<ul class=\"wp-block-list\"><li><strong>U petak su bili izbori u na\u0161em\nmjesnom bratstvu Frame. Predsjednik je Igor Rado\u0161, potpredsjednica Elena Zeko,\nvoditeljica formacije Stela Milinkovi\u0107, tajnica Iva \u0160alinovi\u0107 i blagajnik Filip\nPavli\u010devi\u0107.<\/strong><\/li><\/ul>\n\n\n\n<ul class=\"wp-block-list\"><li><strong>Molimo sve\nvas koji jo\u0161 nemate \u017eupnu obiteljsku knji\u017eicu ili je potrebno upisati promjene\nu postoje\u0107e, da se javite u \u017eupni ured.<\/strong><strong> Kupujte i \u010ditajte vjerski tisak.<\/strong><\/li><\/ul>\n","protected":false},"excerpt":{"rendered":"<p>5. NEDJELJA KROZ GODINU 10. velja\u010de 2019. Danas slavimo petu nedjelju kroz godinu. Spominjemo se na\u0161ega bla\u017eenika i mu\u010denika Alojzija Stepinca. Nakon svetih misa skupljamo nov\u010dane priloge za obnovu Ku\u0107e susreta Tabor u Samoboru. Sutra slavimo Gospu Lurdsku i Dan bolesnika. U na\u0161oj \u017eupnoj crkvi bit \u0107e susret bolesnika od 15:30 sati kada je mogu\u0107nost <a href=\"https:\/\/svetaobitelj.hr\/?p=687\" class=\"more-link\">[&hellip;]<\/a><\/p>\n","protected":false},"author":2,"featured_media":0,"comment_status":"closed","ping_status":"closed","sticky":false,"template":"","format":"standard","meta":{"footnotes":""},"categories":[3],"tags":[],"class_list":["entry","author-","post-687","post","type-post","status-publish","format-standard","category-zupa"],"_links":{"self":[{"href":"https:\/\/svetaobitelj.hr\/index.php?rest_route=\/wp\/v2\/posts\/687","targetHints":{"allow":["GET"]}}],"collection":[{"href":"https:\/\/svetaobitelj.hr\/index.php?rest_route=\/wp\/v2\/posts"}],"about":[{"href":"https:\/\/svetaobitelj.hr\/index.php?rest_route=\/wp\/v2\/types\/post"}],"author":[{"embeddable":true,"href":"https:\/\/svetaobitelj.hr\/index.php?rest_route=\/wp\/v2\/users\/2"}],"replies":[{"embeddable":true,"href":"https:\/\/svetaobitelj.hr\/index.php?rest_route=%2Fwp%2Fv2%2Fcomments&post=687"}],"version-history":[{"count":2,"href":"https:\/\/svetaobitelj.hr\/index.php?rest_route=\/wp\/v2\/posts\/687\/revisions"}],"predecessor-version":[{"id":701,"href":"https:\/\/svetaobitelj.hr\/index.php?rest_route=\/wp\/v2\/posts\/687\/revisions\/701"}],"wp:attachment":[{"href":"https:\/\/svetaobitelj.hr\/index.php?rest_route=%2Fwp%2Fv2%2Fmedia&parent=687"}],"wp:term":[{"taxonomy":"category","embeddable":true,"href":"https:\/\/svetaobitelj.hr\/index.php?rest_route=%2Fwp%2Fv2%2Fcategories&post=687"},{"taxonomy":"post_tag","embeddable":true,"href":"https:\/\/svetaobitelj.hr\/index.php?rest_route=%2Fwp%2Fv2%2Ftags&post=687"}],"curies":[{"name":"wp","href":"https:\/\/api.w.org\/{rel}","templated":true}]}}