{"id":676,"date":"2019-02-02T13:06:09","date_gmt":"2019-02-02T12:06:09","guid":{"rendered":"http:\/\/svetaobitelj.hr\/?p=676"},"modified":"2020-01-29T21:58:21","modified_gmt":"2020-01-29T20:58:21","slug":"framaska-obecanja","status":"publish","type":"post","link":"https:\/\/svetaobitelj.hr\/?p=676","title":{"rendered":"Frama\u0161ka obe\u0107anja"},"content":{"rendered":"\n<p>Mir i dobro! <\/p>\n\n\n\n<div class=\"wp-block-image\"><figure class=\"aligncenter\"><img loading=\"lazy\" decoding=\"async\" width=\"1024\" height=\"768\" src=\"http:\/\/svetaobitelj.hr\/wp-content\/uploads\/2019\/02\/50725428_990276584506827_6639579046554370048_n-1024x768.jpg\" alt=\"\" class=\"wp-image-677\" srcset=\"https:\/\/svetaobitelj.hr\/wp-content\/uploads\/2019\/02\/50725428_990276584506827_6639579046554370048_n-1024x768.jpg 1024w, https:\/\/svetaobitelj.hr\/wp-content\/uploads\/2019\/02\/50725428_990276584506827_6639579046554370048_n-300x225.jpg 300w, https:\/\/svetaobitelj.hr\/wp-content\/uploads\/2019\/02\/50725428_990276584506827_6639579046554370048_n-768x576.jpg 768w, https:\/\/svetaobitelj.hr\/wp-content\/uploads\/2019\/02\/50725428_990276584506827_6639579046554370048_n.jpg 2048w\" sizes=\"auto, (max-width: 1024px) 100vw, 1024px\" \/><\/figure><\/div>\n\n\n\n<p>26. sije\u010dnja 2019. godine, deset frama\u0161a Frame Osijek Jug 2 dali su svoja obe\u0107anja pod geslom \u201ePokazao si mi put \u017eivota.\u201c <\/p>\n\n\n\n<p>Igor Rado\u0161, Iva \u0160alinovi\u0107 i Stela Milinkovi\u0107 prvi su puta izrekli svoj \u201eEvo me!\u201c pred Gospodinom i svima koji su nazo\u010dili misnom slavlju. Karla Milinkovi\u0107, Filip Pavli\u010devi\u0107, Domagoj Ivan\u010di\u0107, Mario \u0106ali\u0161, Katarina Petanjak, Elena Zeko i Martina Mikuli\u0107 obnovili su svoja obe\u0107anja. Za obe\u0107anja smo se duhovno pripremali kroz cijelu godinu, ali slu\u017ebenu duhovnu obnovu imali smo u \u010detvrtak prije obe\u0107anja. Priprava se sastojala od svete mise, klanjanja i nagovora na\u0161eg duhovnog asistenta fra Dragutina Bedeni\u010di\u0107a. U nagovoru je fra Dragec pri\u010dao o odnosu prema drugima, prihva\u0107anju u bratstvu i Duhu Svetom. Nakon nagovora fra Dragec je s nama izmolio zaziv Duhu Svetomu u kojem smo mi nakon svakog pro\u010ditanog zaziva izgovarali \u201eVjerujem\u201c. \u00a0\u00a0Svetu misu pod kojom smo davali obe\u0107anja predvodio je fra Matija Mariji\u0107 koji nas je u propovijedi ohrabrio da kroz ovu godinu posvetimo svoj \u017eivot bli\u017enjima i Bogu. Za zahvalu na\u0161im dragim gostima izradili smo\u00a0 multifunkcionalne zahvalnice na kojima je nadogra\u0111eni\u00a0 logo na\u0161e Frame. Slavlje obe\u0107anja nastavilo se poslije svete mise u prostorijama na\u0161e crkve gdje smo prikazali kratki film koji smo snimali kroz zadnja dva mjeseca. Molili smo, pjevali, okrijepili tijelo i dru\u017eili se, a Gospodin neka nam podari snage da ispunimo svoje obe\u0107anje. <\/p>\n\n\n\n<p>Stela Milinkovi\u0107<\/p>\n","protected":false},"excerpt":{"rendered":"<p>Mir i dobro! 26. sije\u010dnja 2019. godine, deset frama\u0161a Frame Osijek Jug 2 dali su svoja obe\u0107anja pod geslom \u201ePokazao si mi put \u017eivota.\u201c Igor Rado\u0161, Iva \u0160alinovi\u0107 i Stela Milinkovi\u0107 prvi su puta izrekli svoj \u201eEvo me!\u201c pred Gospodinom i svima koji su nazo\u010dili misnom slavlju. Karla Milinkovi\u0107, Filip Pavli\u010devi\u0107, Domagoj Ivan\u010di\u0107, Mario \u0106ali\u0161, <a href=\"https:\/\/svetaobitelj.hr\/?p=676\" class=\"more-link\">[&hellip;]<\/a><\/p>\n","protected":false},"author":2,"featured_media":0,"comment_status":"closed","ping_status":"closed","sticky":false,"template":"","format":"standard","meta":{"footnotes":""},"categories":[3],"tags":[],"class_list":["entry","author-","post-676","post","type-post","status-publish","format-standard","category-zupa"],"_links":{"self":[{"href":"https:\/\/svetaobitelj.hr\/index.php?rest_route=\/wp\/v2\/posts\/676","targetHints":{"allow":["GET"]}}],"collection":[{"href":"https:\/\/svetaobitelj.hr\/index.php?rest_route=\/wp\/v2\/posts"}],"about":[{"href":"https:\/\/svetaobitelj.hr\/index.php?rest_route=\/wp\/v2\/types\/post"}],"author":[{"embeddable":true,"href":"https:\/\/svetaobitelj.hr\/index.php?rest_route=\/wp\/v2\/users\/2"}],"replies":[{"embeddable":true,"href":"https:\/\/svetaobitelj.hr\/index.php?rest_route=%2Fwp%2Fv2%2Fcomments&post=676"}],"version-history":[{"count":2,"href":"https:\/\/svetaobitelj.hr\/index.php?rest_route=\/wp\/v2\/posts\/676\/revisions"}],"predecessor-version":[{"id":680,"href":"https:\/\/svetaobitelj.hr\/index.php?rest_route=\/wp\/v2\/posts\/676\/revisions\/680"}],"wp:attachment":[{"href":"https:\/\/svetaobitelj.hr\/index.php?rest_route=%2Fwp%2Fv2%2Fmedia&parent=676"}],"wp:term":[{"taxonomy":"category","embeddable":true,"href":"https:\/\/svetaobitelj.hr\/index.php?rest_route=%2Fwp%2Fv2%2Fcategories&post=676"},{"taxonomy":"post_tag","embeddable":true,"href":"https:\/\/svetaobitelj.hr\/index.php?rest_route=%2Fwp%2Fv2%2Ftags&post=676"}],"curies":[{"name":"wp","href":"https:\/\/api.w.org\/{rel}","templated":true}]}}