{"id":673,"date":"2019-02-02T12:59:50","date_gmt":"2019-02-02T11:59:50","guid":{"rendered":"http:\/\/svetaobitelj.hr\/?p=673"},"modified":"2020-01-29T21:58:21","modified_gmt":"2020-01-29T20:58:21","slug":"zupne-obavijesti-4-nedjelja-kroz-godinu","status":"publish","type":"post","link":"https:\/\/svetaobitelj.hr\/?p=673","title":{"rendered":"\u017dupne obavijesti: 4.nedjelja kroz godinu"},"content":{"rendered":"\n<p>4. NEDJELJA KROZ GODINU<\/p>\n\n\n\n<p><\/p>\n\n\n\n<p><strong>3. velja\u010de 2019.<\/strong><\/p>\n\n\n\n<ul class=\"wp-block-list\"><li><strong>Danas slavimo \u010detvrtu nedjelju kroz\ngodinu. Slavimo Dan \u017eivota. Prva je nedjelja u mjesecu kada se svojim molitvama\ni nov\u010danim prilozima sje\u0107amo na\u0161ih odgojnih ustanova \u2013 sjemeni\u0161ta te molimo za\nduhovna zvanja. Nakon svetih misa bit \u0107e blagoslov grla po zagovoru sv. Bla\u017ea,\nbiskupa i mu\u010denika.<\/strong><\/li><\/ul>\n\n\n\n<ul class=\"wp-block-list\"><li><strong>Ovaj tjedan nastavljamo sa \u017eupnim\nkatehezama: sutra prvopri\u010desnici, u utorak krizmanici, a u \u010detvrtak prvi\nrazredi srednjih \u0161kola. Sutra je biblijski sat nakon ve\u010dernje svete mise.<\/strong><\/li><\/ul>\n\n\n\n<ul class=\"wp-block-list\"><li><strong>U \u010detvrtak je nakon\nve\u010dernje svete mise klanjanje je pred Presvetim. U Vikarijatu je s po\u010detkom u\n19:30 sati <em>Socijalni \u010detvrtak<\/em> kojeg\nvodi mr. Igor Jakobfi. U subotu je susret bra\u0107e i sestara OFS-a iz osje\u010dkih\nmjesnih bratstava s po\u010detkom u 16:00 sati, u 18:15 pobo\u017enost je na \u010dast bl.\nMariji od Propetoga Petkovi\u0107, a pod ve\u010dernjom svetom misom bit \u0107e slavlje\nprivremenih zavjeta u Mjesnom bratstvu OFS-a.<\/strong><\/li><\/ul>\n\n\n\n<ul class=\"wp-block-list\"><li><strong>Sljede\u0107e nedjelje slavimo petu\nnedjelju kroz godinu. Spominjemo se na\u0161ega bla\u017eenika i mu\u010denika Alojzija\nStepinca. Nakon svetih misa skupljat \u0107emo nov\u010dane priloge za obnovu Ku\u0107e\nsusreta Tabor u Samoboru.<\/strong><\/li><\/ul>\n\n\n\n<ul class=\"wp-block-list\"><li><strong>U ponedjeljak, 11. velja\u010de, slavimo\nGospu Lurdsku i Dan bolesnika. U na\u0161oj \u017eupnoj crkvi bit \u0107e susret bolesnika od\n15:30 sati kada je mogu\u0107nost za ispovijed, nakon \u010dega slijedi sveta misa pod kojom\n\u0107e biti prilika primiti i bolesni\u010dko pomazanje, a nakon mise \u0107emo ostati u dru\u017eenju\nu vjeronau\u010dnoj dvorani. Nakon te mise i nakon ve\u010dernje svete mise bit \u0107e\nmarijanska pobo\u017enost Gospi Lurdskoj ispred kipa Majke Bo\u017eje sa svije\u0107ama.\nSvije\u0107e \u0107ete mo\u0107i nabaviti u sakristiji.<\/strong><\/li><\/ul>\n\n\n\n<ul class=\"wp-block-list\"><li><strong>16. velja\u010de ove godine odr\u017eava se\nu organizaciji Bra\u010dnog savjetovali\u0161ta na\u0161e Nadbiskupije Seminar za bra\u010dne\nparove u \u0110akovu, u prostorima KBF-a, P. Preradovi\u0107a 17. Seminar zapo\u010dinje u\n9:00 sati, tema je <em>Pragmatike u komunikaciji\ni du\u0161evno zdravlje<\/em>,&nbsp; a predava\u010dica je\ns. Dubravka Medak, dipl. psihologinja i psihoterapeutkinja. Vi\u0161e imate na oglasnoj\nplo\u010di, a pozvani su na sudjelovanje svi zaru\u010dni\u010dki i bra\u010dni parovi koji \u017eele\nraditi &nbsp;na svojem odnosu te istra\u017eiti\nnove na\u010dine povezivanja i ja\u010danja svoga odnosa u dvoje. Osigurano je i \u010duvanje\ndjece za parove koji \u017eele povesti svoju djecu.<\/strong><\/li><\/ul>\n\n\n\n<ul class=\"wp-block-list\"><li><strong>Djelo za zvanja na\u0161e Nadbiskupije\norganizira odlazak na duhovni vikend u Me\u0111ubiskupijsko sjemeni\u0161te u Zagreb za\nu\u010denike sedmih i osmih razreda. Cilj je ponu\u0111enog programa predstaviti \u017eivot u\nSjemeni\u0161tu. Zainteresirani neka se jave u \u017eupni ured zajedno sa svojim roditeljima\nnajkasnije do 9. velja\u010de radi daljnjih uputa. <\/strong><\/li><\/ul>\n\n\n\n<ul class=\"wp-block-list\"><li><strong>Molimo sve\nvas koji jo\u0161 nemate \u017eupnu obiteljsku knji\u017eicu ili je potrebno upisati promjene\nu postoje\u0107e, da se javite u \u017eupni ured.<\/strong><strong> Kupujte i \u010ditajte vjerski tisak.<\/strong><\/li><\/ul>\n","protected":false},"excerpt":{"rendered":"<p>4. NEDJELJA KROZ GODINU 3. velja\u010de 2019. Danas slavimo \u010detvrtu nedjelju kroz godinu. Slavimo Dan \u017eivota. Prva je nedjelja u mjesecu kada se svojim molitvama i nov\u010danim prilozima sje\u0107amo na\u0161ih odgojnih ustanova \u2013 sjemeni\u0161ta te molimo za duhovna zvanja. Nakon svetih misa bit \u0107e blagoslov grla po zagovoru sv. Bla\u017ea, biskupa i mu\u010denika. Ovaj tjedan <a href=\"https:\/\/svetaobitelj.hr\/?p=673\" class=\"more-link\">[&hellip;]<\/a><\/p>\n","protected":false},"author":2,"featured_media":0,"comment_status":"closed","ping_status":"closed","sticky":false,"template":"","format":"standard","meta":{"footnotes":""},"categories":[3],"tags":[],"class_list":["entry","author-","post-673","post","type-post","status-publish","format-standard","category-zupa"],"_links":{"self":[{"href":"https:\/\/svetaobitelj.hr\/index.php?rest_route=\/wp\/v2\/posts\/673","targetHints":{"allow":["GET"]}}],"collection":[{"href":"https:\/\/svetaobitelj.hr\/index.php?rest_route=\/wp\/v2\/posts"}],"about":[{"href":"https:\/\/svetaobitelj.hr\/index.php?rest_route=\/wp\/v2\/types\/post"}],"author":[{"embeddable":true,"href":"https:\/\/svetaobitelj.hr\/index.php?rest_route=\/wp\/v2\/users\/2"}],"replies":[{"embeddable":true,"href":"https:\/\/svetaobitelj.hr\/index.php?rest_route=%2Fwp%2Fv2%2Fcomments&post=673"}],"version-history":[{"count":2,"href":"https:\/\/svetaobitelj.hr\/index.php?rest_route=\/wp\/v2\/posts\/673\/revisions"}],"predecessor-version":[{"id":702,"href":"https:\/\/svetaobitelj.hr\/index.php?rest_route=\/wp\/v2\/posts\/673\/revisions\/702"}],"wp:attachment":[{"href":"https:\/\/svetaobitelj.hr\/index.php?rest_route=%2Fwp%2Fv2%2Fmedia&parent=673"}],"wp:term":[{"taxonomy":"category","embeddable":true,"href":"https:\/\/svetaobitelj.hr\/index.php?rest_route=%2Fwp%2Fv2%2Fcategories&post=673"},{"taxonomy":"post_tag","embeddable":true,"href":"https:\/\/svetaobitelj.hr\/index.php?rest_route=%2Fwp%2Fv2%2Ftags&post=673"}],"curies":[{"name":"wp","href":"https:\/\/api.w.org\/{rel}","templated":true}]}}