{"id":670,"date":"2019-01-25T15:04:48","date_gmt":"2019-01-25T14:04:48","guid":{"rendered":"http:\/\/svetaobitelj.hr\/?p=670"},"modified":"2020-01-29T21:58:21","modified_gmt":"2020-01-29T20:58:21","slug":"zupne-obavijesti-3-nedjelja-kroz-godinu","status":"publish","type":"post","link":"https:\/\/svetaobitelj.hr\/?p=670","title":{"rendered":"\u017dupne obavijesti: 3. nedjelja kroz godinu"},"content":{"rendered":"\n<p>3. NEDJELJA KROZ GODINU<\/p>\n\n\n\n<p><strong>27. sije\u010dnja 2019.<\/strong><\/p>\n\n\n\n<ul class=\"wp-block-list\"><li><strong>Danas slavimo tre\u0107u nedjelju kroz\ngodinu. Nakon ve\u010dernje svete mise izvanredan je sastanak \u017eupnih vije\u0107a radi\npriprave za&nbsp; kanonsku vizitaciju koja \u0107e\nbiti u na\u0161oj \u017eupi 15. velja\u010de. U ime na\u0161ega nadbiskupa vizitirat \u0107e nas mons.\nIvan \u0106uri\u0107, generalni vikar \u0110akova\u010dko-osje\u010dke nadbiskupije. <\/strong><\/li><\/ul>\n\n\n\n<ul class=\"wp-block-list\"><li><strong>Sutra je biblijski sat nakon\nve\u010dernje svete mise. U Vikarijatu je, s po\u010detkom u 19:30 sati, <em>Biblijski ponedjeljak,<\/em> kojeg vodi dr.\nsc. s. Silvana Fu\u017einato.<\/strong><\/li><\/ul>\n\n\n\n<ul class=\"wp-block-list\"><li><strong>U srijedu je u Vikarijatu <em>molitveno-katehetski susret<\/em> za odrasle u\n18:30 sati kojeg vodi p. Sebastijan \u0160uljevi\u0107, isusovac, a tema susreta je <em>Duh Sveti i euharistija<\/em>.<\/strong><\/li><\/ul>\n\n\n\n<ul class=\"wp-block-list\"><li><strong>U petak je pobo\u017enost na \u010dast Srcu\nIsusovom u 18:00 sati budu\u0107i da je prvi petak u mjesecu. <\/strong><\/li><\/ul>\n\n\n\n<ul class=\"wp-block-list\"><li><strong>U subotu slavimo blagdan Prikazanja Gospodinova &#8211; Svije\u0107nicu, a slavimo i Dan posve\u0107enog \u017eivota. Svete mise su u 7:30 i 18:30 sati. Svije\u0107e \u0107ete mo\u0107i &nbsp;kupiti prije misa. Ujedno je i prva subota u mjesecu kada \u0107emo pod ve\u010dernjom svetom misom moliti za duhovna zvanja.<\/strong><\/li><\/ul>\n\n\n\n<ul class=\"wp-block-list\"><li><strong>Sljede\u0107e nedjelje slavimo \u010detvrtu\nnedjelju kroz godinu. Prva je nedjelja u mjesecu kada se svojim molitvama i\nnov\u010danim prilozima sje\u0107amo na\u0161ih odgojnih ustanova \u2013 sjemeni\u0161ta te molimo za\nduhovna zvanja. Pod jutarnjom svetom misom molimo za dobro\u010dinitelje ove na\u0161e\ncrkve i samostana. Nakon svetih misa bit \u0107e blagoslov grla po zagovoru sv.\nBla\u017ea, biskupa i mu\u010denika. Redoviti susret Mjesnoga bratstva OFS-a bit \u0107e u\n16:30.<\/strong><\/li><\/ul>\n\n\n\n<ul class=\"wp-block-list\"><li><strong>16. velja\u010de ove godine odr\u017eava se\nu organizaciji Bra\u010dnog savjetovali\u0161ta na\u0161e Nadbiskupije Seminar za bra\u010dne\nparove u \u0110akovu, u prostorima KBF-a, P. Preradovi\u0107a 17. Seminar zapo\u010dinje u\n9:00 sati, tema je <em>Pragmatike u komunikaciji\ni du\u0161evno zdravlje<\/em>,&nbsp; a predava\u010dica je\ns. Dubravka Medak, dipl. psihologinja i psihoterapeutkinja. Vi\u0161e imate na oglasnoj\nplo\u010di, a pozvani su na sudjelovanje svi zaru\u010dni\u010dki i bra\u010dni parovi koji \u017eele\nraditi &nbsp;na svojem odnosu te istra\u017eiti\nnove na\u010dine povezivanja i ja\u010danja svoga odnosa u dvoje. Osigurano je i \u010duvanje\ndjece za parove koji \u017eele povesti svoju djecu.<\/strong><\/li><\/ul>\n\n\n\n<ul class=\"wp-block-list\"><li><strong>Djelo za zvanja na\u0161e Nadbiskupije\norganizira odlazak na duhovni vikend u Me\u0111ubiskupijsko sjemeni\u0161te u Zagreb za\nu\u010denike sedmih i osmih razreda. Cilj je ponu\u0111enog programa predstaviti \u017eivot u\nSjemeni\u0161tu. Zainteresirani neka se jave u \u017eupni ured zajedno sa svojim roditeljima\nnajkasnije do 9. velja\u010de radi daljnjih uputa. <\/strong><\/li><\/ul>\n\n\n\n<ul class=\"wp-block-list\"><li><strong>Molimo sve\nvas koji jo\u0161 nemate \u017eupnu knji\u017eicu ili je potrebno upisati promjene u postoje\u0107e,\nda se javite u \u017eupni ured.<\/strong><strong> <\/strong><\/li><\/ul>\n\n\n\n<ol class=\"wp-block-list\"><li><strong>U sakristiji i \u017eupnom uredu mo\u017eete\nkupiti kalendare za ovu godinu.<\/strong><strong> &nbsp;<\/strong><strong>Kupujte i \u010ditajte vjerski tisak.<\/strong><\/li><\/ol>\n\n\n\n<ul class=\"wp-block-list\"><li><\/li><\/ul>\n","protected":false},"excerpt":{"rendered":"<p>3. NEDJELJA KROZ GODINU 27. sije\u010dnja 2019. Danas slavimo tre\u0107u nedjelju kroz godinu. Nakon ve\u010dernje svete mise izvanredan je sastanak \u017eupnih vije\u0107a radi priprave za&nbsp; kanonsku vizitaciju koja \u0107e biti u na\u0161oj \u017eupi 15. velja\u010de. U ime na\u0161ega nadbiskupa vizitirat \u0107e nas mons. Ivan \u0106uri\u0107, generalni vikar \u0110akova\u010dko-osje\u010dke nadbiskupije. Sutra je biblijski sat nakon ve\u010dernje <a href=\"https:\/\/svetaobitelj.hr\/?p=670\" class=\"more-link\">[&hellip;]<\/a><\/p>\n","protected":false},"author":2,"featured_media":0,"comment_status":"closed","ping_status":"closed","sticky":false,"template":"","format":"standard","meta":{"footnotes":""},"categories":[3],"tags":[],"class_list":["entry","author-","post-670","post","type-post","status-publish","format-standard","category-zupa"],"_links":{"self":[{"href":"https:\/\/svetaobitelj.hr\/index.php?rest_route=\/wp\/v2\/posts\/670","targetHints":{"allow":["GET"]}}],"collection":[{"href":"https:\/\/svetaobitelj.hr\/index.php?rest_route=\/wp\/v2\/posts"}],"about":[{"href":"https:\/\/svetaobitelj.hr\/index.php?rest_route=\/wp\/v2\/types\/post"}],"author":[{"embeddable":true,"href":"https:\/\/svetaobitelj.hr\/index.php?rest_route=\/wp\/v2\/users\/2"}],"replies":[{"embeddable":true,"href":"https:\/\/svetaobitelj.hr\/index.php?rest_route=%2Fwp%2Fv2%2Fcomments&post=670"}],"version-history":[{"count":4,"href":"https:\/\/svetaobitelj.hr\/index.php?rest_route=\/wp\/v2\/posts\/670\/revisions"}],"predecessor-version":[{"id":705,"href":"https:\/\/svetaobitelj.hr\/index.php?rest_route=\/wp\/v2\/posts\/670\/revisions\/705"}],"wp:attachment":[{"href":"https:\/\/svetaobitelj.hr\/index.php?rest_route=%2Fwp%2Fv2%2Fmedia&parent=670"}],"wp:term":[{"taxonomy":"category","embeddable":true,"href":"https:\/\/svetaobitelj.hr\/index.php?rest_route=%2Fwp%2Fv2%2Fcategories&post=670"},{"taxonomy":"post_tag","embeddable":true,"href":"https:\/\/svetaobitelj.hr\/index.php?rest_route=%2Fwp%2Fv2%2Ftags&post=670"}],"curies":[{"name":"wp","href":"https:\/\/api.w.org\/{rel}","templated":true}]}}